{"id":243960,"date":"2025-07-12T03:04:18","date_gmt":"2025-07-12T03:04:18","guid":{"rendered":"https:\/\/www.europesays.com\/fr\/243960\/"},"modified":"2025-07-12T03:04:18","modified_gmt":"2025-07-12T03:04:18","slug":"que-risque-le-conducteur-du-vehicule-en-defaut-de-controle-technique-2","status":"publish","type":"post","link":"https:\/\/www.europesays.com\/fr\/243960\/","title":{"rendered":"Que risque le conducteur du v\u00e9hicule en d\u00e9faut de contr\u00f4le technique ?"},"content":{"rendered":"<p><strong>Dura Lex, Sed Lex &#8211; Maisons endommag\u00e9es, personnes bless\u00e9es, hectares partis en fum\u00e9e autour de Marseille\u2026 Les cons\u00e9quences de l\u2019incendie provoqu\u00e9 par un v\u00e9hicule en d\u00e9faut d\u2019assurance sont lourdes. Que risque son propri\u00e9taire\u00a0?<\/strong><\/p>\n<p>Apr\u00e8s <a href=\"https:\/\/www.20minutes.fr\/societe\/4162840-20250709-incendie-marseille-reste-mur-maison-habitants-estaque-constatent-degats?at_medium=RSS%20feed&amp;at_campaign=ynews&amp;utm_source=yahoo&amp;utm_medium=rss&amp;utm_campaign=news_feed&amp;utm_content=in_article_link\" rel=\"nofollow noopener\" target=\"_blank\" data-ylk=\"slk:la gestion de la catastrophe;elm:context_link;itc:0;sec:content-canvas\" class=\"link \">la gestion de la catastrophe<\/a>, vient le temps des responsabilit\u00e9s. Les premiers \u00e9l\u00e9ments de l\u2019enqu\u00eate sur<a href=\"https:\/\/www.20minutes.fr\/diaporama\/diaporama-4162746-images-incendie-marseille-entre-chaos-sauvetage-destruction?at_medium=RSS%20feed&amp;at_campaign=ynews&amp;utm_source=yahoo&amp;utm_medium=rss&amp;utm_campaign=news_feed&amp;utm_content=in_article_link\" rel=\"nofollow noopener\" target=\"_blank\" data-ylk=\"slk:l\u2019incendie, parti mardi des Pennes-Mirabeau et qui a touch\u00e9 Marseille;elm:context_link;itc:0;sec:content-canvas\" class=\"link \"> l\u2019incendie, parti mardi des Pennes-Mirabeau et qui a touch\u00e9 Marseille<\/a>, \u00e9tablissent que l\u2019origine du sinistre est due \u00e0 un v\u00e9hicule qui a pris feu au bord de l\u2019autoroute. Un accident certes, mais <a href=\"https:\/\/www.20minutes.fr\/societe\/4163142-20250710-incendie-marseille-defaut-controle-technique-origine-feu-destructeur?at_medium=RSS%20feed&amp;at_campaign=ynews&amp;utm_source=yahoo&amp;utm_medium=rss&amp;utm_campaign=news_feed&amp;utm_content=in_article_link\" rel=\"nofollow noopener\" target=\"_blank\" data-ylk=\"slk:le contr\u00f4le technique de la voiture n\u2019\u00e9tait pas \u00e0 jour;elm:context_link;itc:0;sec:content-canvas\" class=\"link \">le contr\u00f4le technique de la voiture n\u2019\u00e9tait pas \u00e0 jour<\/a>.<\/p>\n<p>D\u00e8s lors se pose la question des responsabilit\u00e9s, tant sur le plan civil que p\u00e9nal. Car les cons\u00e9quences sont lourdes\u00a0: plus de 80 maisons ont \u00e9t\u00e9 lourdement endommag\u00e9es, plusieurs centaines de personnes d\u00e9log\u00e9es et plusieurs dizaines de personnes, pompiers, policiers et habitants, bless\u00e9es. Cela, sans mentionner les 750 hectares partis en fum\u00e9e, ni les interruptions de trafic autoroutier, ferroviaire et a\u00e9rien.<\/p>\n<p>Le fonds de garantie des victimes en premi\u00e8re ligne<\/p>\n<p>\u00ab\u00a0Si le propri\u00e9taire du v\u00e9hicule \u00e9tait bien \u00e0 jour de ses cotisations, la validit\u00e9 de son contrat d\u2019assurance est conditionn\u00e9e au respect de certaines obligations, comme la r\u00e9alisation du contr\u00f4le technique\u00a0\u00bb, introduit Marion Paolozzi, avocate \u00e0 Marseille, sp\u00e9cialis\u00e9e en droit des assurances. Et de pr\u00e9ciser\u00a0: \u00ab\u00a0Quoi qu\u2019il arrive, les tiers qui ont subi des dommages, [par exemple ceux qui ont vu leur habitation endommag\u00e9e ou d\u00e9truite] seront indemnis\u00e9s par leur assurance. Charge ensuite \u00e0 leur assureur de se retourner contre celle du propri\u00e9taire du v\u00e9hicule.\u00a0\u00bb<\/p>\n<p>A partir de l\u00e0, deux options\u00a0se dessinent\u00a0: soit l\u2019assureur du v\u00e9hicule accepte de garantir les domm(&#8230;)<\/p>\n<p><a href=\"https:\/\/www.20minutes.fr\/faits_divers\/faits-divers-marseille\/4163199-20250711-incendie-marseille-risque-conducteur-vehicule-defaut-controle-technique?at_medium=RSS%20feed&amp;at_campaign=ynews&amp;utm_source=yahoo&amp;utm_medium=rss&amp;utm_campaign=news_feed&amp;utm_content=read_more_link&quot;\" rel=\"nofollow noopener\" target=\"_blank\" data-ylk=\"slk:Lire la suite sur 20minutes;elm:context_link;itc:0;sec:content-canvas\" class=\"link \">Lire la suite sur 20minutes<\/a><\/p>\n<p>\u00c0 lire aussi :<br \/><a href=\"https:\/\/www.20minutes.fr\/societe\/4163142-20250710-incendie-marseille-defaut-controle-technique-origine-feu-destructeur?at_medium=RSS%20feed&amp;at_campaign=ynews&amp;utm_source=yahoo&amp;utm_medium=rss&amp;utm_campaign=news_feed&amp;utm_content=related_content_link\" rel=\"nofollow noopener\" target=\"_blank\" data-ylk=\"slk:Incendie \u00e0 Marseille\u00a0: La voiture \u00e0 l\u2019origine de l\u2019embrasement n\u2019\u00e9tait pas \u00e0 jour de son contr\u00f4le technique;elm:context_link;itc:0;sec:content-canvas\" class=\"link \">Incendie \u00e0 Marseille\u00a0: La voiture \u00e0 l\u2019origine de l\u2019embrasement n\u2019\u00e9tait pas \u00e0 jour de son contr\u00f4le technique<\/a><br \/><a href=\"https:\/\/www.20minutes.fr\/societe\/4163079-20250710-incendie-marseille-solidarite-negligeable-sinistres-deposent-doleances?at_medium=RSS%20feed&amp;at_campaign=ynews&amp;utm_source=yahoo&amp;utm_medium=rss&amp;utm_campaign=news_feed&amp;utm_content=related_content_link\" rel=\"nofollow noopener\" target=\"_blank\" data-ylk=\"slk:Incendie \u00e0 Marseille\u00a0: \u00ab\u00a0C\u2019est une solidarit\u00e9 qui n\u2019est pas n\u00e9gligeable\u00a0\u00bb\u2026 Les sinistr\u00e9s d\u00e9posent leurs dol\u00e9ances;elm:context_link;itc:0;sec:content-canvas\" class=\"link \">Incendie \u00e0 Marseille\u00a0: \u00ab\u00a0C\u2019est une solidarit\u00e9 qui n\u2019est pas n\u00e9gligeable\u00a0\u00bb\u2026 Les sinistr\u00e9s d\u00e9posent leurs dol\u00e9ances<\/a><\/p>\n","protected":false},"excerpt":{"rendered":"Dura Lex, Sed Lex &#8211; Maisons endommag\u00e9es, personnes bless\u00e9es, hectares partis en fum\u00e9e autour de Marseille\u2026 Les cons\u00e9quences&hellip;\n","protected":false},"author":2,"featured_media":243961,"comment_status":"","ping_status":"","sticky":false,"template":"","format":"standard","meta":{"footnotes":""},"categories":[2814],"tags":[1111,11,15737,38370,1777,674,38369,1011,27,21349,884,12,882,25,12109],"class_list":{"0":"post-243960","1":"post","2":"type-post","3":"status-publish","4":"format-standard","5":"has-post-thumbnail","7":"category-marseille","8":"tag-actu","9":"tag-actualites","10":"tag-controle-technique","11":"tag-droit-des-assurances","12":"tag-eu","13":"tag-europe","14":"tag-fonds-de-garantie-des-victimes","15":"tag-fr","16":"tag-france","17":"tag-le-proprietaire","18":"tag-marseille","19":"tag-news","20":"tag-provence-alpes-cote-dazur","21":"tag-republique-francaise","22":"tag-vehicule"},"share_on_mastodon":{"url":"https:\/\/pubeurope.com\/@fr\/114838048778714163","error":""},"_links":{"self":[{"href":"https:\/\/www.europesays.com\/fr\/wp-json\/wp\/v2\/posts\/243960","targetHints":{"allow":["GET"]}}],"collection":[{"href":"https:\/\/www.europesays.com\/fr\/wp-json\/wp\/v2\/posts"}],"about":[{"href":"https:\/\/www.europesays.com\/fr\/wp-json\/wp\/v2\/types\/post"}],"author":[{"embeddable":true,"href":"https:\/\/www.europesays.com\/fr\/wp-json\/wp\/v2\/users\/2"}],"replies":[{"embeddable":true,"href":"https:\/\/www.europesays.com\/fr\/wp-json\/wp\/v2\/comments?post=243960"}],"version-history":[{"count":0,"href":"https:\/\/www.europesays.com\/fr\/wp-json\/wp\/v2\/posts\/243960\/revisions"}],"wp:featuredmedia":[{"embeddable":true,"href":"https:\/\/www.europesays.com\/fr\/wp-json\/wp\/v2\/media\/243961"}],"wp:attachment":[{"href":"https:\/\/www.europesays.com\/fr\/wp-json\/wp\/v2\/media?parent=243960"}],"wp:term":[{"taxonomy":"category","embeddable":true,"href":"https:\/\/www.europesays.com\/fr\/wp-json\/wp\/v2\/categories?post=243960"},{"taxonomy":"post_tag","embeddable":true,"href":"https:\/\/www.europesays.com\/fr\/wp-json\/wp\/v2\/tags?post=243960"}],"curies":[{"name":"wp","href":"https:\/\/api.w.org\/{rel}","templated":true}]}}