{"id":243962,"date":"2025-07-12T03:05:20","date_gmt":"2025-07-12T03:05:20","guid":{"rendered":"https:\/\/www.europesays.com\/fr\/243962\/"},"modified":"2025-07-12T03:05:20","modified_gmt":"2025-07-12T03:05:20","slug":"tentative-denlevement-pres-de-lyon-trois-hommes-interpelles-avec-armes-et-cagoules","status":"publish","type":"post","link":"https:\/\/www.europesays.com\/fr\/243962\/","title":{"rendered":"Tentative d\u2019enl\u00e8vement pr\u00e8s de Lyon ? Trois hommes interpell\u00e9s avec armes et cagoules"},"content":{"rendered":"<p itemprop=\"description\"><strong>Les policiers n\u2019ont pas mis longtemps \u00e0 suspecter une op\u00e9ration criminelle.<\/strong><\/p>\n<p>Un trio suspect a \u00e9t\u00e9 arr\u00eat\u00e9 ce jeudi soir \u00e0 Meyzieu, \u00e0 l\u2019est de Lyon dans le quartier du Mathiolan.<\/p>\n<p>Aux alentours de 23h30, les forces de l\u2019ordre sont intervenues apr\u00e8s un signalement \u00e9voquant un groupe suspect susceptible de passer \u00e0 l\u2019acte. Sur place, trois hommes ont \u00e9t\u00e9 rep\u00e9r\u00e9s et ont tent\u00e9 de se d\u00e9barrasser de gants et de cagoules \u00e0 la vue des policiers, pr\u00e9cise Le Progr\u00e8s.\u00a0<\/p>\n<p>Ils\u00a0ont finalement pu \u00eatre\u00a0interpell\u00e9s. Les enqu\u00eateurs ont ainsi d\u00e9couvert dans leur v\u00e9hicule plus de\u00a07 kilos de r\u00e9sine de cannabis, une\u00a0arme de poing non approvisionn\u00e9e, un\u00a0couteau, du\u00a0ruban adh\u00e9sif\u00a0et des\u00a0gants.<\/p>\n<p>Les trois suspects ont \u00e9t\u00e9 plac\u00e9s en garde \u00e0 vue. \u00c0 ce stade, les enqu\u00eateurs s\u2019orientent vers la piste d\u2019un\u00a0possible r\u00e8glement de comptes li\u00e9 au trafic de stup\u00e9fiants, mais les investigations se poursuivent pour \u00e9claircir leurs intentions exactes.<\/p>\n","protected":false},"excerpt":{"rendered":"Les policiers n\u2019ont pas mis longtemps \u00e0 suspecter une op\u00e9ration criminelle. Un trio suspect a \u00e9t\u00e9 arr\u00eat\u00e9 ce&hellip;\n","protected":false},"author":2,"featured_media":243963,"comment_status":"","ping_status":"","sticky":false,"template":"","format":"standard","meta":{"footnotes":""},"categories":[1889],"tags":[1111,11,2813,2190,2430,1109,251,1112,2811,1777,674,118,1011,27,1922,1110,1114,2428,2810,12,241,316,25,2812,517,800],"class_list":{"0":"post-243962","1":"post","2":"type-post","3":"status-publish","4":"format-standard","5":"has-post-thumbnail","7":"category-lyon","8":"tag-actu","9":"tag-actualites","10":"tag-article","11":"tag-asvel","12":"tag-auvergne-rhone-alpes","13":"tag-breves","14":"tag-culture","15":"tag-depeches","16":"tag-economique","17":"tag-eu","18":"tag-europe","19":"tag-faits-divers","20":"tag-fr","21":"tag-france","22":"tag-info","23":"tag-informations","24":"tag-infos","25":"tag-lyon","26":"tag-lyonmag","27":"tag-news","28":"tag-ol","29":"tag-politique","30":"tag-republique-francaise","31":"tag-sociale","32":"tag-sport","33":"tag-transports"},"share_on_mastodon":{"url":"https:\/\/pubeurope.com\/@fr\/114838052715670021","error":""},"_links":{"self":[{"href":"https:\/\/www.europesays.com\/fr\/wp-json\/wp\/v2\/posts\/243962","targetHints":{"allow":["GET"]}}],"collection":[{"href":"https:\/\/www.europesays.com\/fr\/wp-json\/wp\/v2\/posts"}],"about":[{"href":"https:\/\/www.europesays.com\/fr\/wp-json\/wp\/v2\/types\/post"}],"author":[{"embeddable":true,"href":"https:\/\/www.europesays.com\/fr\/wp-json\/wp\/v2\/users\/2"}],"replies":[{"embeddable":true,"href":"https:\/\/www.europesays.com\/fr\/wp-json\/wp\/v2\/comments?post=243962"}],"version-history":[{"count":0,"href":"https:\/\/www.europesays.com\/fr\/wp-json\/wp\/v2\/posts\/243962\/revisions"}],"wp:featuredmedia":[{"embeddable":true,"href":"https:\/\/www.europesays.com\/fr\/wp-json\/wp\/v2\/media\/243963"}],"wp:attachment":[{"href":"https:\/\/www.europesays.com\/fr\/wp-json\/wp\/v2\/media?parent=243962"}],"wp:term":[{"taxonomy":"category","embeddable":true,"href":"https:\/\/www.europesays.com\/fr\/wp-json\/wp\/v2\/categories?post=243962"},{"taxonomy":"post_tag","embeddable":true,"href":"https:\/\/www.europesays.com\/fr\/wp-json\/wp\/v2\/tags?post=243962"}],"curies":[{"name":"wp","href":"https:\/\/api.w.org\/{rel}","templated":true}]}}