{"id":243970,"date":"2025-07-12T03:10:13","date_gmt":"2025-07-12T03:10:13","guid":{"rendered":"https:\/\/www.europesays.com\/fr\/243970\/"},"modified":"2025-07-12T03:10:13","modified_gmt":"2025-07-12T03:10:13","slug":"un-homme-mis-en-examen-et-ecroue-a-paris-pour-un-projet-dattentat-djihadiste","status":"publish","type":"post","link":"https:\/\/www.europesays.com\/fr\/243970\/","title":{"rendered":"un homme mis en examen et \u00e9crou\u00e9 \u00e0 Paris pour un projet d&rsquo;attentat djihadiste"},"content":{"rendered":"<p>Le suspect, un Franco-Alg\u00e9rien \u00e2g\u00e9 de 20 ans, originaire de la r\u00e9gion toulousaine, aurait envisag\u00e9 une attaque \u00abcontre des juifs et des m\u00e9cr\u00e9ants\u00bb. Il \u00e9tait surveill\u00e9 par la DGSI.<\/p>\n<p class=\"fig-paragraph\">Un homme a \u00e9t\u00e9 mis en examen et \u00e9crou\u00e9 \u00e0 Paris vendredi pour association de malfaiteurs criminelle, suspect\u00e9 d&rsquo;avoir projet\u00e9 un\u00a0<a href=\"http:\/\/www.lefigaro.fr\/actualite-france\/terrorisme-djihadiste-les-mineurs-toujours-plus-nombreux-a-fomenter-des-attentats-20241221\" target=\"_blank\" data-fig-type=\"NewsFlash\" rel=\"noopener\" data-gtm-custom-categorie=\"navigation\" data-gtm-custom-action=\"crossclick\" data-gtm-custom-label=\"Contextuel\" data-gtm-event=\"customEventSPE\" data-fig-domain=\"LEFIGARO\">attentat djihadiste<\/a>, a appris l&rsquo;AFP vendredi de sources judiciaire et proche du dossier, confirmant une information de la D\u00e9p\u00eache du Midi. La source judiciaire a confirm\u00e9 la mise en examen d&rsquo;un homme pour association de malfaiteurs\u00a0<a href=\"http:\/\/www.lefigaro.fr\/international\/londres-place-sur-la-liste-terroriste-et-interdit-le-groupe-militant-palestine-action-20250623\" target=\"_blank\" data-fig-type=\"Article\" rel=\"noopener\" data-gtm-custom-categorie=\"navigation\" data-gtm-custom-action=\"crossclick\" data-gtm-custom-label=\"Contextuel\" data-gtm-event=\"customEventSPE\" data-fig-domain=\"LEFIGARO\">terroriste<\/a>\u00a0en vue de la pr\u00e9paration d&rsquo;un ou plusieurs crimes d&rsquo;atteintes aux personnes, et son placement en d\u00e9tention provisoire.<\/p>\n<p class=\"fig-paragraph\">D&rsquo;apr\u00e8s la source proche du dossier, cet homme est affili\u00e9 \u00e0 la sph\u00e8re djihadiste, et a \u00e9t\u00e9 plac\u00e9 en garde \u00e0 vue dans le cadre d&rsquo;une information judiciaire d\u00e9j\u00e0 ouverte au p\u00f4le antiterroriste du Tribunal judiciaire de Paris. Ses deux avocats, apparaissant dans l&rsquo;article du quotidien r\u00e9gional, n&rsquo;ont pas r\u00e9pondu dans l&rsquo;imm\u00e9diat \u00e0 l&rsquo;AFP.<\/p>\n<p>                                    <a class=\"fig-a11y-skip a11y-hidden\" href=\"#fig-a11y-skip-main-inarticle\"><br \/>\n        Passer la publicit\u00e9<br \/>\n    <\/a><\/p>\n<p>Franco-Alg\u00e9rien de 20 ans<\/p>\n<p class=\"fig-paragraph\">D&rsquo;apr\u00e8s La D\u00e9p\u00eache du Midi, le suspect est un Franco-Alg\u00e9rien \u00e2g\u00e9 de 20 ans, originaire de la r\u00e9gion toulousaine, qui aurait envisag\u00e9 une attaque \u00abcontre des juifs et des m\u00e9cr\u00e9ants\u00bb. Il aurait \u00e9t\u00e9 fich\u00e9 S et surveill\u00e9 par la DGSI (renseignement int\u00e9rieur), et ce d\u00e8s le confinement d\u00fb \u00e0 l&rsquo;\u00e9pid\u00e9mie de Covid-19, pour sa consultation habituelle de vid\u00e9os radicales.<\/p>\n<p class=\"fig-paragraph\">Le suspect pr\u00e9senterait un ant\u00e9c\u00e9dent psychiatrique, d&rsquo;apr\u00e8s La D\u00e9p\u00eache du Midi, comme une jeune femme \u00e2g\u00e9e de 15 ans qui aurait \u00e9galement \u00e9t\u00e9 mise en examen dans ce dossier mi-juin, venant aussi de la r\u00e9gion toulousaine. C&rsquo;est son interpellation qui aurait permis aux enqu\u00eateurs de se mettre sur la piste de l&rsquo;homme, toujours d&rsquo;apr\u00e8s le quotidien r\u00e9gional.<\/p>\n","protected":false},"excerpt":{"rendered":"Le suspect, un Franco-Alg\u00e9rien \u00e2g\u00e9 de 20 ans, originaire de la r\u00e9gion toulousaine, aurait envisag\u00e9 une attaque \u00abcontre&hellip;\n","protected":false},"author":2,"featured_media":243971,"comment_status":"","ping_status":"","sticky":false,"template":"","format":"standard","meta":{"footnotes":""},"categories":[1888],"tags":[1111,1928,11,1927,1777,674,1011,27,12,1926,626,1925,25,1254],"class_list":{"0":"post-243970","1":"post","2":"type-post","3":"status-publish","4":"format-standard","5":"has-post-thumbnail","7":"category-paris","8":"tag-actu","9":"tag-actu-paris","10":"tag-actualites","11":"tag-actualites-paris","12":"tag-eu","13":"tag-europe","14":"tag-fr","15":"tag-france","16":"tag-news","17":"tag-news-paris","18":"tag-paris","19":"tag-paris-news","20":"tag-republique-francaise","21":"tag-terrorisme"},"share_on_mastodon":{"url":"https:\/\/pubeurope.com\/@fr\/114838072515748159","error":""},"_links":{"self":[{"href":"https:\/\/www.europesays.com\/fr\/wp-json\/wp\/v2\/posts\/243970","targetHints":{"allow":["GET"]}}],"collection":[{"href":"https:\/\/www.europesays.com\/fr\/wp-json\/wp\/v2\/posts"}],"about":[{"href":"https:\/\/www.europesays.com\/fr\/wp-json\/wp\/v2\/types\/post"}],"author":[{"embeddable":true,"href":"https:\/\/www.europesays.com\/fr\/wp-json\/wp\/v2\/users\/2"}],"replies":[{"embeddable":true,"href":"https:\/\/www.europesays.com\/fr\/wp-json\/wp\/v2\/comments?post=243970"}],"version-history":[{"count":0,"href":"https:\/\/www.europesays.com\/fr\/wp-json\/wp\/v2\/posts\/243970\/revisions"}],"wp:featuredmedia":[{"embeddable":true,"href":"https:\/\/www.europesays.com\/fr\/wp-json\/wp\/v2\/media\/243971"}],"wp:attachment":[{"href":"https:\/\/www.europesays.com\/fr\/wp-json\/wp\/v2\/media?parent=243970"}],"wp:term":[{"taxonomy":"category","embeddable":true,"href":"https:\/\/www.europesays.com\/fr\/wp-json\/wp\/v2\/categories?post=243970"},{"taxonomy":"post_tag","embeddable":true,"href":"https:\/\/www.europesays.com\/fr\/wp-json\/wp\/v2\/tags?post=243970"}],"curies":[{"name":"wp","href":"https:\/\/api.w.org\/{rel}","templated":true}]}}