{"id":243978,"date":"2025-07-12T03:14:12","date_gmt":"2025-07-12T03:14:12","guid":{"rendered":"https:\/\/www.europesays.com\/fr\/243978\/"},"modified":"2025-07-12T03:14:12","modified_gmt":"2025-07-12T03:14:12","slug":"les-familles-qui-ont-accueilli-des-refugies-ukrainiens-pendant-trois-ans-honorees-a-plouguin","status":"publish","type":"post","link":"https:\/\/www.europesays.com\/fr\/243978\/","title":{"rendered":"Les familles qui ont accueilli des r\u00e9fugi\u00e9s ukrainiens pendant trois ans honor\u00e9es \u00e0 Plouguin"},"content":{"rendered":"<p>Un moment fort en \u00e9motion s\u2019est tenu ce mardi 8 juillet 2025 \u00e0 la mairie, o\u00f9 une trentaine de personnes \u00e9taient r\u00e9unies pour saluer l\u2019engagement de deux couples de Plouguin\u00a0: Jean-Marc Murray et son \u00e9pouse, et Jean et Anne-Marie Riou. Pendant trois ans, ils ont chacun accueilli une famille ukrainienne fuyant la guerre, leur offrant un toit, du r\u00e9confort et une v\u00e9ritable int\u00e9gration locale. \u00ab\u00a0Je voudrais vous remercier d\u2019avoir collabor\u00e9 avec nous pour leur bien-\u00eatre\u00a0\u00bb, a d\u00e9clar\u00e9 Michelle Kerjean, adjointe aux affaires sociales et aux associations, dans un discours empreint de reconnaissance.<\/p>\n<p>Esprit de solidarit\u00e9<\/p>\n<p>\u00ab\u00a0Le CCAS et la municipalit\u00e9 ont aid\u00e9 ces familles par divers moyens pour les int\u00e9grer dans notre commune. Un vrai esprit de solidarit\u00e9, \u00e7a fait plaisir de voir que \u00e7a existe encore. Bon vent dans votre vie et vos projets\u00a0\u00bb, a-t-elle ajout\u00e9. L\u2019\u00e9v\u00e9nement a \u00e9galement \u00e9t\u00e9 l\u2019occasion de remercier toutes les personnes ayant contribu\u00e9 au d\u00e9m\u00e9nagement r\u00e9cent vers Brest de l\u2019une des familles ukrainiennes.<\/p>\n","protected":false},"excerpt":{"rendered":"Un moment fort en \u00e9motion s\u2019est tenu ce mardi 8 juillet 2025 \u00e0 la mairie, o\u00f9 une trentaine&hellip;\n","protected":false},"author":2,"featured_media":243979,"comment_status":"","ping_status":"","sticky":false,"template":"","format":"standard","meta":{"footnotes":""},"categories":[1590],"tags":[11,1777,674,12,38371,3400,220],"class_list":{"0":"post-243978","1":"post","2":"type-post","3":"status-publish","4":"format-standard","5":"has-post-thumbnail","7":"category-ukraine","8":"tag-actualites","9":"tag-eu","10":"tag-europe","11":"tag-news","12":"tag-plouguin","13":"tag-solidarite","14":"tag-ukraine"},"share_on_mastodon":{"url":"https:\/\/pubeurope.com\/@fr\/114838088135367448","error":""},"_links":{"self":[{"href":"https:\/\/www.europesays.com\/fr\/wp-json\/wp\/v2\/posts\/243978","targetHints":{"allow":["GET"]}}],"collection":[{"href":"https:\/\/www.europesays.com\/fr\/wp-json\/wp\/v2\/posts"}],"about":[{"href":"https:\/\/www.europesays.com\/fr\/wp-json\/wp\/v2\/types\/post"}],"author":[{"embeddable":true,"href":"https:\/\/www.europesays.com\/fr\/wp-json\/wp\/v2\/users\/2"}],"replies":[{"embeddable":true,"href":"https:\/\/www.europesays.com\/fr\/wp-json\/wp\/v2\/comments?post=243978"}],"version-history":[{"count":0,"href":"https:\/\/www.europesays.com\/fr\/wp-json\/wp\/v2\/posts\/243978\/revisions"}],"wp:featuredmedia":[{"embeddable":true,"href":"https:\/\/www.europesays.com\/fr\/wp-json\/wp\/v2\/media\/243979"}],"wp:attachment":[{"href":"https:\/\/www.europesays.com\/fr\/wp-json\/wp\/v2\/media?parent=243978"}],"wp:term":[{"taxonomy":"category","embeddable":true,"href":"https:\/\/www.europesays.com\/fr\/wp-json\/wp\/v2\/categories?post=243978"},{"taxonomy":"post_tag","embeddable":true,"href":"https:\/\/www.europesays.com\/fr\/wp-json\/wp\/v2\/tags?post=243978"}],"curies":[{"name":"wp","href":"https:\/\/api.w.org\/{rel}","templated":true}]}}