{"id":243984,"date":"2025-07-12T03:17:17","date_gmt":"2025-07-12T03:17:17","guid":{"rendered":"https:\/\/www.europesays.com\/fr\/243984\/"},"modified":"2025-07-12T03:17:17","modified_gmt":"2025-07-12T03:17:17","slug":"euro-dames-2025-suede-et-allemagne-pour-finir-en-tete-du-groupe-c","status":"publish","type":"post","link":"https:\/\/www.europesays.com\/fr\/243984\/","title":{"rendered":"Euro dames 2025: Su\u00e8de et Allemagne pour finir en t\u00eate du groupe C"},"content":{"rendered":"<p class=\"wysiwyg-h2\">Le groupe C de l&rsquo;Euro dames 2025 a d\u00e9j\u00e0 livr\u00e9 son principal verdict, soit l&rsquo;identit\u00e9 des deux \u00e9quipes qualifi\u00e9es. La Su\u00e8de et l&rsquo;Allemagne vont lutter ce soir pour la premi\u00e8re place de leur poule.<\/p>\n<p>Su\u00e9doises et Allemandes, qui seront aux prises d\u00e8s 21h00 \u00e0 Zurich, ont toutes deux gagn\u00e9 leurs deux premi\u00e8res rencontres. La Su\u00e8de occupe pour l&rsquo;instant la t\u00eate avec une diff\u00e9rence de buts de +4, contre +3 pour l&rsquo;Allemagne. D\u00e8s lors, celle-ci devra s&rsquo;imposer pour terminer premi\u00e8re du groupe et affronter le deuxi\u00e8me du groupe D en quart de finale.<\/p>\n<p>L&rsquo;autre match, qui aura lieu simultan\u00e9ment \u00e0 Lucerne, opposera le Danemark et la Pologne. Son enjeu sera uniquement honorifique puisque les deux pays sont d\u00e9j\u00e0 \u00e9limin\u00e9s.<\/p>\n<p> \/ATS<\/p>\n","protected":false},"excerpt":{"rendered":"Le groupe C de l&rsquo;Euro dames 2025 a d\u00e9j\u00e0 livr\u00e9 son principal verdict, soit l&rsquo;identit\u00e9 des deux \u00e9quipes&hellip;\n","protected":false},"author":2,"featured_media":243985,"comment_status":"","ping_status":"","sticky":false,"template":"","format":"standard","meta":{"footnotes":""},"categories":[1587],"tags":[11,1829,672,1832,1836,1804,1805,1827,1803,1777,674,1830,1831,1801,1826,1844,1840,1839,1841,1838,12,1843,1828,1834,1825,1833,1802,1822,1823,1824,1837,1835,1842],"class_list":{"0":"post-243984","1":"post","2":"type-post","3":"status-publish","4":"format-standard","5":"has-post-thumbnail","7":"category-allemagne","8":"tag-actualites","9":"tag-ajoie","10":"tag-allemagne","11":"tag-animation","12":"tag-bienne","13":"tag-bundesrepublik-deutschland","14":"tag-de","15":"tag-delemont","16":"tag-deutschland","17":"tag-eu","18":"tag-europe","19":"tag-franches-montagnes","20":"tag-frequence","21":"tag-germany","22":"tag-jura","23":"tag-jura-bernois","24":"tag-la-chaux-de-fonds","25":"tag-moutier","26":"tag-neuchatel","27":"tag-neuveville","28":"tag-news","29":"tag-payerne","30":"tag-porrentruy","31":"tag-publicite","32":"tag-radio","33":"tag-redaction","34":"tag-republique-federale-dallemagne","35":"tag-rfj","36":"tag-rjb","37":"tag-rtn","38":"tag-tavannes","39":"tag-vallon-de-st-imier","40":"tag-yverdon"},"share_on_mastodon":{"url":"https:\/\/pubeurope.com\/@fr\/114838099921401834","error":""},"_links":{"self":[{"href":"https:\/\/www.europesays.com\/fr\/wp-json\/wp\/v2\/posts\/243984","targetHints":{"allow":["GET"]}}],"collection":[{"href":"https:\/\/www.europesays.com\/fr\/wp-json\/wp\/v2\/posts"}],"about":[{"href":"https:\/\/www.europesays.com\/fr\/wp-json\/wp\/v2\/types\/post"}],"author":[{"embeddable":true,"href":"https:\/\/www.europesays.com\/fr\/wp-json\/wp\/v2\/users\/2"}],"replies":[{"embeddable":true,"href":"https:\/\/www.europesays.com\/fr\/wp-json\/wp\/v2\/comments?post=243984"}],"version-history":[{"count":0,"href":"https:\/\/www.europesays.com\/fr\/wp-json\/wp\/v2\/posts\/243984\/revisions"}],"wp:featuredmedia":[{"embeddable":true,"href":"https:\/\/www.europesays.com\/fr\/wp-json\/wp\/v2\/media\/243985"}],"wp:attachment":[{"href":"https:\/\/www.europesays.com\/fr\/wp-json\/wp\/v2\/media?parent=243984"}],"wp:term":[{"taxonomy":"category","embeddable":true,"href":"https:\/\/www.europesays.com\/fr\/wp-json\/wp\/v2\/categories?post=243984"},{"taxonomy":"post_tag","embeddable":true,"href":"https:\/\/www.europesays.com\/fr\/wp-json\/wp\/v2\/tags?post=243984"}],"curies":[{"name":"wp","href":"https:\/\/api.w.org\/{rel}","templated":true}]}}