{"id":243986,"date":"2025-07-12T03:18:15","date_gmt":"2025-07-12T03:18:15","guid":{"rendered":"https:\/\/www.europesays.com\/fr\/243986\/"},"modified":"2025-07-12T03:18:15","modified_gmt":"2025-07-12T03:18:15","slug":"leurope-termine-dans-le-rouge-avec-les-inquietudes-commerciales-11-07-2025-a-1816","status":"publish","type":"post","link":"https:\/\/www.europesays.com\/fr\/243986\/","title":{"rendered":"L&rsquo;Europe termine dans le rouge avec les inqui\u00e9tudes commerciales &#8211; 11\/07\/2025 \u00e0 18:16"},"content":{"rendered":"<p>        <img fetchpriority=\"high\" decoding=\"async\" src=\"https:\/\/www.europesays.com\/fr\/wp-content\/uploads\/2025\/07\/7ec32d5930f797af46753254acb2ba61-760x548.jpg\" alt=\"Le graphique de l'indice allemand des prix des actions DAX \u00e0 la bourse de Francfort\" loading=\"eager\" width=\"760\" height=\"548\" style=\"max-width: 100%!important; height: auto;\"\/><\/p>\n<p class=\"c-image-news__legend\">Le graphique de l&rsquo;indice allemand des prix des actions DAX \u00e0 la bourse de Francfort<\/p>\n<p>\n Les Bourses europ\u00e9ennes ont termin\u00e9 en baisse vendredi avec les incertitudes autour des droits de douane am\u00e9ricains.\n<\/p>\n<p>\n \u00c0 Paris, le CAC 40 a termin\u00e9 en baisse de 1% \u00e0 7823,22 points. Le Footsie britannique a perdu 0,47% et le Dax allemand 0,89%.\n<\/p>\n<p>\n L&rsquo;indice EuroStoxx 50 a baiss\u00e9 de 0,96% le FTSEurofirst 300 de 1,15% et le Stoxx 600 de 1,12%.\n<\/p>\n<p>\n Les march\u00e9s accueillent avec pessimisme les nouveaux de droits de douane impos\u00e9s par Donald Trump.\n<\/p>\n<p>\n Jeudi, le pr\u00e9sident am\u00e9ricain a d\u00e9clar\u00e9 que les Etats-Unis imposeraient des droits de douane de 35% sur les importations en provenance du Canada le mois prochain. En tout, 22 pays ont \u00e9t\u00e9 notifi\u00e9s cette semaine de droits de douane allant de 20 \u00e0 50%, \u00e0 partir non pas du 9 juillet comme initialement pr\u00e9vu mais de d\u00e9but ao\u00fbt.\n<\/p>\n<p>\n Donald Trump a \u00e9galement d\u00e9clar\u00e9 que l&rsquo;Union europ\u00e9enne recevrait bient\u00f4t une lettre, ce que les investisseurs interpr\u00e8tent comme le signe d&rsquo;un mauvais d\u00e9roulement des n\u00e9gociations commerciales.\n<\/p>\n<p>\n \u00ab\u00a0Si les droits de douane annonc\u00e9s jusqu&rsquo;\u00e0 pr\u00e9sent sont mis en \u0153uvre, le taux effectif des droits de douane am\u00e9ricains avoisinerait les 14%, avec d&rsquo;autres risques de hausse\u00a0\u00bb, ont calcul\u00e9 les analystes de Bank of America vendredi.\n<\/p>\n<p>\n \u00ab\u00a0L&rsquo;UE a \u00e9t\u00e9 \u00e9pargn\u00e9e par l&rsquo;augmentation des droits de douane pour l&rsquo;instant, car les n\u00e9gociations se poursuivent, mais aucun accord n&rsquo;a encore \u00e9t\u00e9 annonc\u00e9. Les risques restent asym\u00e9triques &#8211; dans le meilleur des cas, les droits de douane n&rsquo;augmentent pas par rapport aux niveaux \u00e9lev\u00e9s actuels de 10 %\u00a0\u00bb, ont-ils estim\u00e9 dans une autre note aussi publi\u00e9e vendredi.\n<\/p>\n<p>\n Selon eux, \u00ab\u00a0la prolongation de la pause jusqu&rsquo;au 1er ao\u00fbt donne aux deux parties plus de temps pour n\u00e9gocier et maintient la r\u00e9duction de la BCE de juillet hors de la table\u00a0\u00bb.\n<\/p>\n<p>\n Les march\u00e9s pourraient retrouver d&rsquo;autres catalyseurs la semaine prochaine avec les premiers r\u00e9sultats d&rsquo;entreprises pour le premier semestre outre-Atlantique. Les grandes banques am\u00e9ricaines ouvriront le bal et les d\u00e9clarations de leurs dirigeants sur les cons\u00e9quences de la politique de l&rsquo;administration Trump seront scrut\u00e9es.\n<\/p>\n<p>\n VALEURS\n<\/p>\n<p>\n Apr\u00e8s avoir atteint un plus haut en 17 ans au cours de la semaine, le secteur bancaire europ\u00e9en a perdu 1,89% et a enregistr\u00e9 l&rsquo;une des moins bonnes performances sectorielles de la journ\u00e9e avec les craintes sur la croissance li\u00e9es aux tensions commerciales.\n<\/p>\n<p>\n Norwegian Air a avanc\u00e9 de 10,8% apr\u00e8s ses r\u00e9sultats et l&rsquo;annonce du versement d&rsquo;un dividende.\n<\/p>\n<p>\n En France, les valeurs du luxe ont subi les craintes concernant les droits de douane, Kering a perdu 4% tandis que LVMH a abandonn\u00e9 3,3%.\n<\/p>\n<p>\n Au contraire, les valeurs de la d\u00e9fense ont progress\u00e9 et affich\u00e9 les gains les plus importants : Dassault Aviation prenant plus de 2,6%, Thales 1,9%.\n<\/p>\n<p>\n A WALL STREET\n<\/p>\n<p>\n A l&rsquo;heure de la cl\u00f4ture en Europe, les \u00e9changes \u00e0 la Bourse de New York indiquaient un repli de 0,68% pour le Dow Jones, contre 0,36% pour le Standard &amp; Poor&rsquo;s 500, et 0,15% pour le Nasdaq Composite.\n<\/p>\n<p>\n LES INDICATEURS DU JOUR\n<\/p>\n<p>\n L&rsquo;\u00e9conomie britannique s&rsquo;est contract\u00e9e de 0,1% en mai, selon les chiffres de l&rsquo;Office des statistiques nationales publi\u00e9s vendredi.\n<\/p>\n<p>\n L&rsquo;indice des prix \u00e0 la consommation harmonis\u00e9 selon les normes europ\u00e9ennes (IPCH) \u200b\u200ben France a progress\u00e9 de 0,9% sur un an en juin, contre une premi\u00e8re estimation \u00e0 0,8%, montrent les donn\u00e9es d\u00e9finitives publi\u00e9es vendredi par l&rsquo;Insee.\n<\/p>\n<p>\n CHANGES\n<\/p>\n<p>\n Le dollar est \u00e0 la hausse vendredi apr\u00e8s les droits de douane impos\u00e9s par Donald Trump sur le Canada et d&rsquo;autres pays.\n<\/p>\n<p>\n Le dollar gagne 0,18% face \u00e0 un panier de devises de r\u00e9f\u00e9rence, l&rsquo;euro s&rsquo;\u00e9rode de 0,05% \u00e0 1,1693 dollar, et la livre sterling perd 0,52% \u00e0 1,3504 dollar.\n<\/p>\n<p>\n TAUX\n<\/p>\n<p>\n Les rendements am\u00e9ricains sont en hausse vendredi.\n<\/p>\n<p>\n Le rendement du dix ans allemand a perdu 0,01 pb \u00e0 2,687%, celui du taux \u00e0 deux ans a c\u00e9d\u00e9 0,02 \u00e0 1,905%.\n<\/p>\n<p>\n Le rendement du Treasury \u00e0 dix ans prend 6,5 pb \u00e0 4,4113%, tandis que le rendement du titre \u00e0 deux ans progresse de 3,4 pb \u00e0 3,9017%.\n<\/p>\n<p>\n P\u00c9TROLE\n<\/p>\n<p>\n Les prix du p\u00e9trole sont en hausse vendredi, les investisseurs prenant connaissance des perspectives de l&rsquo;Agence internationale de l&rsquo;Energie (AIE) pour l&rsquo;ann\u00e9e.\n<\/p>\n<p>\n Le Brent prend 2,43% \u00e0 70,31 dollars le baril, le brut l\u00e9ger am\u00e9ricain (West Texas Intermediate, WTI) gagne 2,7% \u00e0 68,37 dollars.\n<\/p>\n<p>\n (Certaines donn\u00e9es peuvent accuser un l\u00e9ger d\u00e9calage)\n<\/p>\n<p>\n (R\u00e9dig\u00e9 par Bertrand De Meyer, \u00e9dit\u00e9 par)<\/p>\n","protected":false},"excerpt":{"rendered":"Le graphique de l&rsquo;indice allemand des prix des actions DAX \u00e0 la bourse de Francfort Les Bourses europ\u00e9ennes&hellip;\n","protected":false},"author":2,"featured_media":243987,"comment_status":"","ping_status":"","sticky":false,"template":"","format":"standard","meta":{"footnotes":""},"categories":[1586],"tags":[400,11,398,408,405,1777,674,1011,27,403,402,399,404,12,25,401,406,407],"class_list":{"0":"post-243986","1":"post","2":"type-post","3":"status-publish","4":"format-standard","5":"has-post-thumbnail","7":"category-europe","8":"tag-action-cac-40","9":"tag-actualites","10":"tag-bourse-de-paris","11":"tag-boursorama","12":"tag-cotations","13":"tag-eu","14":"tag-europe","15":"tag-fr","16":"tag-france","17":"tag-indices-devises","18":"tag-investir","19":"tag-investissement","20":"tag-marche-boursier","21":"tag-news","22":"tag-republique-francaise","23":"tag-sicav","24":"tag-trackers","25":"tag-warrants"},"share_on_mastodon":{"url":"https:\/\/pubeurope.com\/@fr\/114838103871883568","error":""},"_links":{"self":[{"href":"https:\/\/www.europesays.com\/fr\/wp-json\/wp\/v2\/posts\/243986","targetHints":{"allow":["GET"]}}],"collection":[{"href":"https:\/\/www.europesays.com\/fr\/wp-json\/wp\/v2\/posts"}],"about":[{"href":"https:\/\/www.europesays.com\/fr\/wp-json\/wp\/v2\/types\/post"}],"author":[{"embeddable":true,"href":"https:\/\/www.europesays.com\/fr\/wp-json\/wp\/v2\/users\/2"}],"replies":[{"embeddable":true,"href":"https:\/\/www.europesays.com\/fr\/wp-json\/wp\/v2\/comments?post=243986"}],"version-history":[{"count":0,"href":"https:\/\/www.europesays.com\/fr\/wp-json\/wp\/v2\/posts\/243986\/revisions"}],"wp:featuredmedia":[{"embeddable":true,"href":"https:\/\/www.europesays.com\/fr\/wp-json\/wp\/v2\/media\/243987"}],"wp:attachment":[{"href":"https:\/\/www.europesays.com\/fr\/wp-json\/wp\/v2\/media?parent=243986"}],"wp:term":[{"taxonomy":"category","embeddable":true,"href":"https:\/\/www.europesays.com\/fr\/wp-json\/wp\/v2\/categories?post=243986"},{"taxonomy":"post_tag","embeddable":true,"href":"https:\/\/www.europesays.com\/fr\/wp-json\/wp\/v2\/tags?post=243986"}],"curies":[{"name":"wp","href":"https:\/\/api.w.org\/{rel}","templated":true}]}}