{"id":243994,"date":"2025-07-12T03:22:10","date_gmt":"2025-07-12T03:22:10","guid":{"rendered":"https:\/\/www.europesays.com\/fr\/243994\/"},"modified":"2025-07-12T03:22:10","modified_gmt":"2025-07-12T03:22:10","slug":"tour-de-france-a-quelle-heure-sur-quelle-chaine-tv-voir-la-8e-etape-de-saint-meen-le-grand-a-laval","status":"publish","type":"post","link":"https:\/\/www.europesays.com\/fr\/243994\/","title":{"rendered":"Tour de France : \u00e0 quelle heure, sur quelle cha\u00eene TV voir la 8e \u00e9tape de Saint-M\u00e9en-le-Grand \u00e0 Laval ?"},"content":{"rendered":"<p class=\"paragraph text_align_left lp-f-body-02\">Ce samedi, la 8e \u00e9tape du <a href=\"https:\/\/www.leparisien.fr\/sports\/cyclisme\/tour-de-france\/\" target=\"_blank\" rel=\"noreferrer nofollow noopener\">Tour de France 2025<\/a> s\u2019\u00e9lancera depuis Saint-M\u00e9en-le-Grand et sillonnera l\u2019Ille-et-Vilaine jusqu\u2019\u00e0 Laval (Mayenne), ville d\u2019arriv\u00e9e. Un bon souvenir pour le Belge <a href=\"https:\/\/www.leparisien.fr\/sports\/cyclisme\/mathieu-van-der-poel\/\" target=\"_blank\" rel=\"noreferrer nofollow noopener\">Mathieu van der Poel<\/a> qui y avait remport\u00e9 les Boucles de la Mayenne et port\u00e9 le Maillot jaune du Tour lors du chrono de 2021.<\/p>\n<p class=\"paragraph text_align_left lp-f-body-02\">Sur les terres mythiques du cyclisme breton, le trac\u00e9 du parcours de 171 kilom\u00e8tres sera tout horizontal, au lendemain de la double ascension de M\u00fbr-de-Bretagne (C\u00f4tes-d\u2019Armor). De quoi offrir une belle carte \u00e0 jouer pour les meilleurs sprinteurs. L\u2019arriv\u00e9e pr\u00e9visionnelle, au terme d\u2019un faux plat montant sur un kilom\u00e8tre, est planifi\u00e9e pour 17h04.<\/p>\n<p class=\"paragraph text_align_left lp-f-body-02\"><b>La 8e \u00e9tape Saint-M\u00e9en-le-Grand &#8211; Laval Espace Mayenne ce samedi 12 juillet sera \u00e0 suivre \u00e0 partir de 13h10 (d\u00e9part fictif) sur les antennes de France T\u00e9l\u00e9visions (France 2 et France 3) et Eurosport 1 ainsi qu\u2019en direct comment\u00e9 sur notre site leparisien.fr<\/b><\/p>\n","protected":false},"excerpt":{"rendered":"Ce samedi, la 8e \u00e9tape du Tour de France 2025 s\u2019\u00e9lancera depuis Saint-M\u00e9en-le-Grand et sillonnera l\u2019Ille-et-Vilaine jusqu\u2019\u00e0 Laval&hellip;\n","protected":false},"author":2,"featured_media":243995,"comment_status":"","ping_status":"","sticky":false,"template":"","format":"standard","meta":{"footnotes":""},"categories":[4],"tags":[11,207,1011,27,12,25,60,210],"class_list":{"0":"post-243994","1":"post","2":"type-post","3":"status-publish","4":"format-standard","5":"has-post-thumbnail","7":"category-france","8":"tag-actualites","9":"tag-cyclisme","10":"tag-fr","11":"tag-france","12":"tag-news","13":"tag-republique-francaise","14":"tag-sports","15":"tag-tour-de-france"},"share_on_mastodon":{"url":"https:\/\/pubeurope.com\/@fr\/114838119528527974","error":""},"_links":{"self":[{"href":"https:\/\/www.europesays.com\/fr\/wp-json\/wp\/v2\/posts\/243994","targetHints":{"allow":["GET"]}}],"collection":[{"href":"https:\/\/www.europesays.com\/fr\/wp-json\/wp\/v2\/posts"}],"about":[{"href":"https:\/\/www.europesays.com\/fr\/wp-json\/wp\/v2\/types\/post"}],"author":[{"embeddable":true,"href":"https:\/\/www.europesays.com\/fr\/wp-json\/wp\/v2\/users\/2"}],"replies":[{"embeddable":true,"href":"https:\/\/www.europesays.com\/fr\/wp-json\/wp\/v2\/comments?post=243994"}],"version-history":[{"count":0,"href":"https:\/\/www.europesays.com\/fr\/wp-json\/wp\/v2\/posts\/243994\/revisions"}],"wp:featuredmedia":[{"embeddable":true,"href":"https:\/\/www.europesays.com\/fr\/wp-json\/wp\/v2\/media\/243995"}],"wp:attachment":[{"href":"https:\/\/www.europesays.com\/fr\/wp-json\/wp\/v2\/media?parent=243994"}],"wp:term":[{"taxonomy":"category","embeddable":true,"href":"https:\/\/www.europesays.com\/fr\/wp-json\/wp\/v2\/categories?post=243994"},{"taxonomy":"post_tag","embeddable":true,"href":"https:\/\/www.europesays.com\/fr\/wp-json\/wp\/v2\/tags?post=243994"}],"curies":[{"name":"wp","href":"https:\/\/api.w.org\/{rel}","templated":true}]}}