{"id":243999,"date":"2025-07-12T03:28:11","date_gmt":"2025-07-12T03:28:11","guid":{"rendered":"https:\/\/www.europesays.com\/fr\/243999\/"},"modified":"2025-07-12T03:28:11","modified_gmt":"2025-07-12T03:28:11","slug":"moto2-un-affront-batave-a-faire-oublier-en-allemagne-pour-barry-baltus","status":"publish","type":"post","link":"https:\/\/www.europesays.com\/fr\/243999\/","title":{"rendered":"Moto2\u00a0: Un affront batave \u00e0 faire oublier en Allemagne pour Barry Baltus"},"content":{"rendered":"<p class=\"ap-StoryElement ap-StoryElement--mb js-paywall-target ap-StoryText\">\u00ab\u00a0Je veux juste m&rsquo;excuser aupr\u00e8s de l&rsquo;\u00e9quipe pour mon erreur, c&rsquo;\u00e9tait de ma faute\u00a0\u00bb, avait indiqu\u00e9 Baltus apr\u00e8s l&rsquo;arriv\u00e9e d&rsquo;Assen o\u00f9 il fut contraint \u00e0 l&rsquo;abandon sur chute. \u00ab\u00a0J&rsquo;ai \u00e9t\u00e9 rapide tout le week-end, donc nous allons nous concentrer sur les points positifs et regarder vers le prochain GP pour nous am\u00e9liorer. C&rsquo;est dommage parce qu&rsquo;avec mon rythme, nous aurions facilement pu terminer dans le top 10. Merci \u00e0 l&rsquo;\u00e9quipe pour son travail acharn\u00e9\u00a0\u00bb.<\/p>\n<p><a href=\"https:\/\/www.lavenir.net\/sports\/moteurs\/2025\/06\/29\/gp-des-pays-bas-barry-baltus-chute-et-abandonne-des-le-7e-tour-FSOQFBIFIRET3B7UGD2XOTU7ZI\/\" target=\"_blank\" rel=\"noopener noreferrer nofollow\" class=\"ap-StoryInterstitialLink ap-StoryElement ap-StoryElement--mb\">GP des Pays-Bas: Barry Baltus chute et abandonne d\u00e8s le 7e tour <\/a>Marquez puissance 4 ?<\/p>\n<p class=\"ap-StoryElement ap-StoryElement--mb ap-StoryText\">Cela nous am\u00e8ne naturellement \u00e0 la cat\u00e9gorie reine MotoGP o\u00f9 Marc Marquez tentera de r\u00e9aliser la passe de quatre avec un 4e Grand Chelem en autant de courses. Grandissime favori pour le titre mondial, l&rsquo;Espagnol pourrait toutefois jouer les \u00e9piciers en Saxe.<\/p>\n<p class=\"ap-StoryElement ap-StoryElement--mb ap-StoryText\">\u00ab\u00a0Au Sachsenring, je vais essayer d&rsquo;attaquer ! Je vais essayer de prendre les 37 points, mais je dois comprendre : si quelqu&rsquo;un est plus rapide que moi, il est plus rapide. Maintenant, je commence \u00e0 avoir un certain avantage au championnat, et m\u00eame si nous ne sommes m\u00eame pas \u00e0 mi-parcours et qu&rsquo;il reste encore beaucoup de courses \u00e0 disputer, nous devons commencer \u00e0 g\u00e9rer un peu.\u00a0\u00bb<\/p>\n<p class=\"ap-StoryElement ap-StoryElement--mb ap-StoryText\">Un autre Espagnol fait parler de lui dans le paddock, en l&rsquo;occurrence Jorge Martin. Le champion en titre, dont l&rsquo;absence sur la piste p\u00e8se toujours, pourrait finalement rester chez Aprilia alors que les tensions avec la marque de Piaggio le portaient vers Honda ces derniers temps. Le \u00ab\u00a0Martinator\u00a0\u00bb devrait en tout cas revenir sur la grille en Tch\u00e9quie.<\/p>\n","protected":false},"excerpt":{"rendered":"\u00ab\u00a0Je veux juste m&rsquo;excuser aupr\u00e8s de l&rsquo;\u00e9quipe pour mon erreur, c&rsquo;\u00e9tait de ma faute\u00a0\u00bb, avait indiqu\u00e9 Baltus apr\u00e8s&hellip;\n","protected":false},"author":2,"featured_media":244000,"comment_status":"","ping_status":"","sticky":false,"template":"","format":"standard","meta":{"footnotes":""},"categories":[1413],"tags":[1011,27,1457,1456,1458,60],"class_list":{"0":"post-243999","1":"post","2":"type-post","3":"status-publish","4":"format-standard","5":"has-post-thumbnail","7":"category-moto","8":"tag-fr","9":"tag-france","10":"tag-moto","11":"tag-motocycle","12":"tag-motogp","13":"tag-sports"},"share_on_mastodon":{"url":"https:\/\/pubeurope.com\/@fr\/114838143208675880","error":""},"_links":{"self":[{"href":"https:\/\/www.europesays.com\/fr\/wp-json\/wp\/v2\/posts\/243999","targetHints":{"allow":["GET"]}}],"collection":[{"href":"https:\/\/www.europesays.com\/fr\/wp-json\/wp\/v2\/posts"}],"about":[{"href":"https:\/\/www.europesays.com\/fr\/wp-json\/wp\/v2\/types\/post"}],"author":[{"embeddable":true,"href":"https:\/\/www.europesays.com\/fr\/wp-json\/wp\/v2\/users\/2"}],"replies":[{"embeddable":true,"href":"https:\/\/www.europesays.com\/fr\/wp-json\/wp\/v2\/comments?post=243999"}],"version-history":[{"count":0,"href":"https:\/\/www.europesays.com\/fr\/wp-json\/wp\/v2\/posts\/243999\/revisions"}],"wp:featuredmedia":[{"embeddable":true,"href":"https:\/\/www.europesays.com\/fr\/wp-json\/wp\/v2\/media\/244000"}],"wp:attachment":[{"href":"https:\/\/www.europesays.com\/fr\/wp-json\/wp\/v2\/media?parent=243999"}],"wp:term":[{"taxonomy":"category","embeddable":true,"href":"https:\/\/www.europesays.com\/fr\/wp-json\/wp\/v2\/categories?post=243999"},{"taxonomy":"post_tag","embeddable":true,"href":"https:\/\/www.europesays.com\/fr\/wp-json\/wp\/v2\/tags?post=243999"}],"curies":[{"name":"wp","href":"https:\/\/api.w.org\/{rel}","templated":true}]}}