{"id":24400,"date":"2025-04-14T14:00:11","date_gmt":"2025-04-14T14:00:11","guid":{"rendered":"https:\/\/www.europesays.com\/fr\/24400\/"},"modified":"2025-04-14T14:00:11","modified_gmt":"2025-04-14T14:00:11","slug":"lalterna-stade-poitevin-compte-sur-lawson-body-pour-pousser-tourcoing-au-cinquieme-match","status":"publish","type":"post","link":"https:\/\/www.europesays.com\/fr\/24400\/","title":{"rendered":"l\u2019Alterna Stade Poitevin compte sur Lawson-Body pour pousser Tourcoing au cinqui\u00e8me match"},"content":{"rendered":"<p><strong>Poitiers &#8211; Tourcoing<\/strong><\/p>\n<p>Si, samedi, apr\u00e8s <a target=\"_self\" href=\"https:\/\/www.lanouvellerepublique.fr\/poitiers\/msl-vainqueur-de-tourcoing-l-alterna-stade-poitevin-s-offre-le-droit-d-y-croire-1744495413\" rel=\"noopener\">le succ\u00e8s de l\u2019Alterna Stade Poitevin contre Tourcoing (3-1)<\/a>, Nik Mujanovic a logiquement \u00e9t\u00e9 d\u00e9signer MVP de la rencontre, un autre facteur X \u00e9tait sur toutes les l\u00e8vres. Et celui-ci n\u2019\u00e9tait probablement pas \u00e9tranger \u00e0 la tr\u00e8s bonne performance du pointu slov\u00e8ne, auteur de 23 points. Car le public de Lawson-Body, bouillant comme aux plus belles heures du club, a lui aussi jou\u00e9 son r\u00f4le, transcendant les Poitevins pour les pousser vers la victoire.<\/p>\n<p>Dans les tribunes, le manager C\u00e9dric Enard, habitu\u00e9 \u00e0 vivre intens\u00e9ment les matchs, s\u2019est lui aussi laiss\u00e9 porter par cette belle \u00e9nergie. \u00ab\u00a0Je suis revenu pour vivre exactement \u00e7a, partager avec Lawson-Body des \u00e9motions super fortes et comme j\u2019adore, souriait-il apr\u00e8s la rencontre. J\u2019\u00e9tais pris au jeu, je n\u2019\u00e9tais m\u00eame plus dans mon r\u00f4le de manager, plut\u00f4t de premier supporter mais c\u2019est ce que l\u2019on aime. On sait que c\u2019est tellement difficile pour l\u2019adversaire de venir jouer dans cette salle. Il suffit d\u2019un petit d\u00e9clic, d\u2019un petit truc comme ce fut le cas \u00e0 la fin lors de la petite contestation.\u00a0\u00bb<\/p>\n<p>Ce moment o\u00f9 Tourcoing venait de passer \u00e0 13-14 dans le quatri\u00e8me set, avant que le point ne soit donn\u00e9 \u00e0 rejouer par les arbitres car les Poitevins \u00e9taient sept sur le terrain. Une d\u00e9cision que Dorian Rougeyron, le coach du TLM, avait du mal \u00e0 dig\u00e9rer, tout comme ses joueurs. Dans la foul\u00e9e, port\u00e9 par ses supporters, l\u2019Alterna Stade Poitevin a invers\u00e9 la donne (17-13) et au final remport\u00e9 le set et la rencontre.<\/p>\n<p>\u00ab\u00a0Il faut que l\u2019on ait une grosse mobilisation avec encore un gros soutien populaire\u00a0\u00bb<\/p>\n<p>\u00ab\u00a0Je suis persuad\u00e9 que ce soir (samedi), le public fait balancer la rencontre. Il est l\u2019une des grandes forces de Poitiers au volley, insistait C\u00e9dric Enard. On a pris le match, mais il y en a encore un \u00e0 prendre ce lundi pour, ensuite, aller au bout de la s\u00e9rie en allant faire douter nos adversaires chez eux. Lundi, il faut que l\u2019on ait une grosse mobilisation avec encore un gros soutien populaire. Il faut que tout le monde soit l\u00e0 si on veut continuer de r\u00eaver et pousser cette belle \u00e9quipe de Tourcoing.\u00a0\u00bb<\/p>\n<p>Car, sur le plan technique et tactique, les deux \u00e9quipes ont d\u00e9montr\u00e9 qu\u2019elles \u00e9taient tr\u00e8s proches. Chaque d\u00e9tail peut donc faire la diff\u00e9rence. \u00c0 commencer par la ferveur populaire poitevine. Tr\u00e8s en verve lors du troisi\u00e8me match, Thomas Pujol (15 points) soulignait lui aussi l\u2019impact du public sur la performance des siens et pense qu\u2019il sera de nouveau important pour la quatri\u00e8me confrontation. \u00ab\u00a0Ce n\u2019\u00e9tait que du mental, on a su bien g\u00e9rer et le fait d\u2019avoir les supporters avec nous nous a bien aid\u00e9s. Cette victoire nous a relanc\u00e9s pour, j\u2019esp\u00e8re, les deux prochains matchs. On a tous respect\u00e9 le plan de jeu \u00e0 la lettre et c\u2019est ce qui nous a permis d\u2019\u00eatre d\u00e9cisifs dans les moments importants. Il faudra reproduire cela ce lundi.\u00a0\u00bb<\/p>\n<p>L\u2019exp\u00e9riment\u00e9 Thibaut Thoral \u00e9tait sur la m\u00eame longueur d\u2019onde. \u00ab\u00a0Il faudra r\u00e9p\u00e9ter les m\u00eames choses, poursuivait le r\u00e9ceptionneur-attaquant. La fatigue va jouer mais le public va peut-\u00eatre encore \u00eatre notre suppl\u00e9ment d\u2019\u00e2me pour que cela tourne en notre faveur.\u00a0\u00bb<\/p>\n<p>\u00ab\u00a0Ce sera un nouveau match, concluait Franco Massimino. On savait que l\u2019on avait fait des choses bien l\u00e0-bas. L\u2019\u00e9quipe a confiance, aujourd\u2019hui on a montr\u00e9 que l\u2019on \u00e9tait capable de gagner chez nous. Si on continue comme \u00e7a, on a des chances de gagner le prochain match aussi.\u00a0\u00bb Et de continuer de faire rugir de plaisir Lawson-Body.<\/p>\n<p>Lundi, 20\u00a0h, salle Lawson-Body.<\/p>\n<p class=\"alireaussi\"><b>&gt;\u00a0Rejoignez la communaut\u00e9 NR\u00a0&#8211; Les sports dans la Vienne sur Facebook.<\/b><\/p>\n<p><strong>les \u00e9quipes<\/strong>\ufeff<\/p>\n<p><strong>&gt;\u00a0Poitiers<br \/><\/strong>2. Cannessant (r\u00e9c.-att., 1,88\u00a0m)<br \/>5. Magnin (central, 2,04\u00a0m)<br \/>8. Walsh (passeur, 1,95\u00a0m)<br \/>9. Hanzic (r\u00e9c.-att., 1,98\u00a0m)<br \/>10. Thoral (r\u00e9c.-att., 1,93\u00a0m)<br \/>11. Gill (passeur, 2,02\u00a0m)<br \/>13. Michelucci (central, 2,00\u00a0m)<br \/>18. Mujanovic (pointu, 2,06\u00a0m)<br \/>19. Massimino (libero, 1,77\u00a0m)<br \/>20. Pujol (r\u00e9c.-att., 1,98\u00a0m)<br \/>23. Roatta (central, 2,01\u00a0m)<br \/><strong>Entra\u00eeneur\u00a0:<\/strong> Dan Lewis.<br \/><strong>Absents\u00a0:<\/strong> Cowell (tendinite rotulienne, Howe (dos), Vucicevic (cheville).<\/p>\n<p><strong>&gt; Tourcoing<\/strong><br \/>1. Louchart (passeur, 1,90 m)<br \/>2. Loubeyre (libero, 1,82 m)<br \/>3. Tizi-Oualou (passeur, 1,97 m)<br \/>4. Aru (central, 2,03 m)<br \/>6. Lavigne (r\u00e9c.-att, 1,95 m)<br \/>7. Luengas (r\u00e9c.-att. 2,04 m)<br \/>10. Dosso (pointu, 1,93 m)<br \/>11. Roehring (central, 2,00 m)<br \/>15. Hutcheson (r\u00e9c.-att., 1,93 m)<br \/>16. Kukartsev (pointu, 2,03 m)<br \/>20. Martinez Franchi (r\u00e9c.-att., 1,90 m)<br \/>22. Parkinson (central, 2,03 m)<br \/>Entra\u00eeneur : Dorian Rougeyron.<\/p>\n<p>Tourcoing m\u00e8ne la s\u00e9rie 2-1.<\/p><\/p>\n","protected":false},"excerpt":{"rendered":"Poitiers &#8211; Tourcoing Si, samedi, apr\u00e8s le succ\u00e8s de l\u2019Alterna Stade Poitevin contre Tourcoing (3-1), Nik Mujanovic a&hellip;\n","protected":false},"author":2,"featured_media":24401,"comment_status":"","ping_status":"","sticky":false,"template":"","format":"standard","meta":{"footnotes":""},"categories":[1417],"tags":[1392,1654,1011,27,1653,60,1584,1470,1469],"class_list":{"0":"post-24400","1":"post","2":"type-post","3":"status-publish","4":"format-standard","5":"has-post-thumbnail","7":"category-volley","8":"tag-a-la-une-local","9":"tag-alterna-stade-poitevin-volley-ball","10":"tag-fr","11":"tag-france","12":"tag-poitiers","13":"tag-sports","14":"tag-vienne","15":"tag-volley","16":"tag-volleyball"},"share_on_mastodon":{"url":"https:\/\/pubeurope.com\/@fr\/114336682682067505","error":""},"_links":{"self":[{"href":"https:\/\/www.europesays.com\/fr\/wp-json\/wp\/v2\/posts\/24400","targetHints":{"allow":["GET"]}}],"collection":[{"href":"https:\/\/www.europesays.com\/fr\/wp-json\/wp\/v2\/posts"}],"about":[{"href":"https:\/\/www.europesays.com\/fr\/wp-json\/wp\/v2\/types\/post"}],"author":[{"embeddable":true,"href":"https:\/\/www.europesays.com\/fr\/wp-json\/wp\/v2\/users\/2"}],"replies":[{"embeddable":true,"href":"https:\/\/www.europesays.com\/fr\/wp-json\/wp\/v2\/comments?post=24400"}],"version-history":[{"count":0,"href":"https:\/\/www.europesays.com\/fr\/wp-json\/wp\/v2\/posts\/24400\/revisions"}],"wp:featuredmedia":[{"embeddable":true,"href":"https:\/\/www.europesays.com\/fr\/wp-json\/wp\/v2\/media\/24401"}],"wp:attachment":[{"href":"https:\/\/www.europesays.com\/fr\/wp-json\/wp\/v2\/media?parent=24400"}],"wp:term":[{"taxonomy":"category","embeddable":true,"href":"https:\/\/www.europesays.com\/fr\/wp-json\/wp\/v2\/categories?post=24400"},{"taxonomy":"post_tag","embeddable":true,"href":"https:\/\/www.europesays.com\/fr\/wp-json\/wp\/v2\/tags?post=24400"}],"curies":[{"name":"wp","href":"https:\/\/api.w.org\/{rel}","templated":true}]}}