{"id":244009,"date":"2025-07-12T03:33:21","date_gmt":"2025-07-12T03:33:21","guid":{"rendered":"https:\/\/www.europesays.com\/fr\/244009\/"},"modified":"2025-07-12T03:33:21","modified_gmt":"2025-07-12T03:33:21","slug":"75-000-palestiniens-sont-morts-alors-quels-sont-ceux-dont-les-vies-comptent","status":"publish","type":"post","link":"https:\/\/www.europesays.com\/fr\/244009\/","title":{"rendered":"\u00ab\u00a075\u00a0000 Palestiniens sont morts. Alors quels sont ceux dont les vies comptent\u00a0?\u00a0\u00bb"},"content":{"rendered":"<p>                         <img loading=\"lazy\" decoding=\"async\" src=\"https:\/\/www.europesays.com\/fr\/wp-content\/uploads\/2025\/07\/4328f39_upload-1-ze2c7ubt07ow-img-2318.jpg\" alt=\"Capture d\u2019\u00e9cran de la remise du prix Women in Motion \u00e0 Nan Goldin, lors des Rencontres d\u2019Arles, le 8\u00a0juillet 2025. \"   width=\"664\" height=\"443\"\/>    Capture d\u2019\u00e9cran de la remise du prix Women in Motion \u00e0 Nan Goldin, lors des Rencontres d\u2019Arles, le 8\u00a0juillet 2025.  @RENCONTRESDARLES\/INSTAGRAM                 <\/p>\n<p class=\"article__paragraph  \">Activiste et r\u00e9volt\u00e9e dans l\u2019\u00e2me depuis ses d\u00e9buts dans les ann\u00e9es 1970, lorsqu\u2019elle photographiait ses amis de l\u2019underground new-yorkais, Nan Goldin est rest\u00e9e fid\u00e8le \u00e0 sa r\u00e9putation. Mardi 8\u00a0juillet, devant un Th\u00e9\u00e2tre antique complet, la photographe am\u00e9ricaine connue pour son militantisme contre le sida ou les ravages des opiac\u00e9es, a profit\u00e9 de la soir\u00e9e d\u2019ouverture des Rencontres d\u2019Arles pour d\u00e9noncer la guerre men\u00e9e \u00e0 Gaza par Isra\u00ebl.<\/p>\n<p>   Lire plus tard  <\/p>\n<p class=\"article__paragraph  \">La soir\u00e9e avait commenc\u00e9 de fa\u00e7on tr\u00e8s po\u00e9tique avec deux funambules de la compagnie Gratte Ciel, en suspension devant l\u2019immense \u00e9cran o\u00f9 \u00e9taient projet\u00e9es des photographies expos\u00e9es au festival. Pr\u00e8s de 2\u00a0500\u00a0personnes, assises jusque devant la sc\u00e8ne, avaient r\u00e9serv\u00e9 leur place, attir\u00e9es par la pr\u00e9sence de Nan Goldin, laur\u00e9ate du prix Women in Motion, qui r\u00e9compense des femmes photographes. \u00ab\u00a0Je re\u00e7ois un prix de la \u201cfemme en mouvement\u201d alors que je peux \u00e0 peine marcher\u00a0!\u00a0\u00bb, a soulign\u00e9 avec humour la photographe de 71\u00a0ans, habitu\u00e9e du festival. En\u00a01987, c\u2019est au Th\u00e9\u00e2tre antique que <a href=\"https:\/\/www.lemonde.fr\/m-actu\/article\/2016\/08\/19\/la-ballade-chaotique-de-nan-goldin-a-arles_4985047_4497186.html\" rel=\"nofollow noopener\" target=\"_blank\">son \u0153uvre la plus c\u00e9l\u00e8bre, The Ballad of Sexual Dependency<\/a>, travers\u00e9e crue dans la vie intime de l\u2019artiste et de ses proches, avait \u00e9t\u00e9 montr\u00e9e pour la premi\u00e8re fois en Europe et trouv\u00e9 sa forme d\u00e9finitive.<\/p>\n<p class=\"reading-mode-only \"><strong>Il vous reste 75.5% de cet article \u00e0 lire. La suite est r\u00e9serv\u00e9e aux abonn\u00e9s.<\/strong><\/p>\n","protected":false},"excerpt":{"rendered":"Capture d\u2019\u00e9cran de la remise du prix Women in Motion \u00e0 Nan Goldin, lors des Rencontres d\u2019Arles, le&hellip;\n","protected":false},"author":2,"featured_media":244010,"comment_status":"","ping_status":"","sticky":false,"template":"","format":"standard","meta":{"footnotes":""},"categories":[1358],"tags":[1348,1384,1385,1386,58,59,1011,27],"class_list":{"0":"post-244009","1":"post","2":"type-post","3":"status-publish","4":"format-standard","5":"has-post-thumbnail","7":"category-arts-et-design","8":"tag-arts","9":"tag-arts-and-design","10":"tag-arts-et-design","11":"tag-design","12":"tag-divertissement","13":"tag-entertainment","14":"tag-fr","15":"tag-france"},"share_on_mastodon":{"url":"https:\/\/pubeurope.com\/@fr\/114838162759234817","error":""},"_links":{"self":[{"href":"https:\/\/www.europesays.com\/fr\/wp-json\/wp\/v2\/posts\/244009","targetHints":{"allow":["GET"]}}],"collection":[{"href":"https:\/\/www.europesays.com\/fr\/wp-json\/wp\/v2\/posts"}],"about":[{"href":"https:\/\/www.europesays.com\/fr\/wp-json\/wp\/v2\/types\/post"}],"author":[{"embeddable":true,"href":"https:\/\/www.europesays.com\/fr\/wp-json\/wp\/v2\/users\/2"}],"replies":[{"embeddable":true,"href":"https:\/\/www.europesays.com\/fr\/wp-json\/wp\/v2\/comments?post=244009"}],"version-history":[{"count":0,"href":"https:\/\/www.europesays.com\/fr\/wp-json\/wp\/v2\/posts\/244009\/revisions"}],"wp:featuredmedia":[{"embeddable":true,"href":"https:\/\/www.europesays.com\/fr\/wp-json\/wp\/v2\/media\/244010"}],"wp:attachment":[{"href":"https:\/\/www.europesays.com\/fr\/wp-json\/wp\/v2\/media?parent=244009"}],"wp:term":[{"taxonomy":"category","embeddable":true,"href":"https:\/\/www.europesays.com\/fr\/wp-json\/wp\/v2\/categories?post=244009"},{"taxonomy":"post_tag","embeddable":true,"href":"https:\/\/www.europesays.com\/fr\/wp-json\/wp\/v2\/tags?post=244009"}],"curies":[{"name":"wp","href":"https:\/\/api.w.org\/{rel}","templated":true}]}}