{"id":244013,"date":"2025-07-12T03:35:13","date_gmt":"2025-07-12T03:35:13","guid":{"rendered":"https:\/\/www.europesays.com\/fr\/244013\/"},"modified":"2025-07-12T03:35:13","modified_gmt":"2025-07-12T03:35:13","slug":"eliott-renonce-a-la-garde-de-son-fils-charlotte-ecrase-quelquun-en-voiture-le-resume-de-lepisode-1704-du-lundi-14-juillet-2025","status":"publish","type":"post","link":"https:\/\/www.europesays.com\/fr\/244013\/","title":{"rendered":"Eliott renonce \u00e0 la garde de son fils, Charlotte \u00e9crase quelqu&rsquo;un en voiture ! Le r\u00e9sum\u00e9 de l&rsquo;\u00e9pisode 1704 du lundi 14 juillet 2025"},"content":{"rendered":"<p>Dans Un si grand soleil\u2026 Devant la juge, Eliott prend ses responsabilit\u00e9s vis-\u00e0-vis de Muriel. Charlotte provoque un accident en prenant le volant alors qu&rsquo;elle n&rsquo;a pas le permis\u2026<\/p>\n<p><b>Dans l&rsquo;\u00e9pisode 1704 d&rsquo;<\/b><b>Un si grand soleil<\/b><b> diffus\u00e9 le lundi 14\u00a0juillet 2025,<\/b> o\u00f9 deux anciennes <a href=\"https:\/\/www.programme-tv.net\/news\/people\/379196-un-si-grand-soleil-deux-acteurs-emblematiques-de-la-serie-officialisent-leur-couple\/\" data-api-deeplink=\"teleloisirs:\/\/news\/379196\" target=\"_blank\" rel=\"noopener\">stars ont officialis\u00e9 leur idylle<\/a> et dans lequel <a href=\"https:\/\/www.programme-tv.net\/news\/series-tv\/380190-un-si-grand-soleil-un-personnage-principal-devoile-son-tout-nouveau-look-ce-soir-et-c-est-tres-reussi-photo\/\" data-api-deeplink=\"teleloisirs:\/\/news\/380190\" target=\"_blank\" rel=\"noopener\">un personnage a op\u00e9r\u00e9 un changement de look radical<\/a>\u2026 Sohan aimerait faire un voyage en Irlande avec Marie-Sophie et Charlotte. Il pense qu&rsquo;ils ont encore des sentiments l&rsquo;un pour l&rsquo;autre mais Marie-Sophie le repousse&#8230;<\/p>\n<p>Un si grand soleil en avance\u00a0: Eliott renonce \u00e0 demander la garde de son fils<\/p>\n<p>Convoqu\u00e9 en urgence devant la juge aux affaires familiales, Eliott est d\u00e9fendu par Serge, son avocat. Face \u00e0 Johanna, il tente d\u2019expliquer pourquoi <a href=\"https:\/\/www.programme-tv.net\/news\/series-tv\/382247-un-si-grand-soleil-en-avance-alix-est-arretee-eliott-agresse-violemment-muriel-elle-saisit-la-justice-le-resume-des-huit-episodes-inedits-du-mardi-1er-juillet-2025\/\" data-api-deeplink=\"teleloisirs:\/\/news\/382247\" target=\"_blank\" rel=\"noopener\">il a violemment agress\u00e9 Boris, le compagnon de Muriel<\/a>. Prenant conscience de la gravit\u00e9 de son acte, il finit par pr\u00e9senter ses excuses \u00e0 Muriel et annonce, \u00e0 la surprise g\u00e9n\u00e9rale, qu\u2019il est pr\u00eat \u00e0 lui laisser la garde exclusive de leur fils Toma, si cela est mieux pour l&rsquo;\u00e9quilibre de leur enfant. Mais en sortant, il confie \u00e0 Charles qu\u2019il a tout perdu et s\u2019enfonce dans le d\u00e9sespoir.<\/p>\n<p>                        Un si grand soleil en avance\u00a0: Becker d\u00e9jeune avec le patron du Tour de France<\/p>\n<p>Becker retrouve son ami <a href=\"https:\/\/www.programme-tv.net\/biographie\/517-prudhomme-christian\/\" data-link-people=\"d4e8b82c-69ad-4c84-a08c-256c03cfb498\" target=\"_blank\" rel=\"noopener\">Christian Prudhomme<\/a>, le patron du tour de France, pour un d\u00e9jeuner qui se prolonge. Nerveux, Alex, qui devait passer son entretien annuel \u00e0 14\u00a0heures avec Becker, l&rsquo;appelle mais il ne r\u00e9pond pas. Lorsque Christian lui propose de visiter le village et de rencontrer les cyclistes, il accepte avec enthousiasme. Becker revient au commissariat avec deux heures de retard avec un maillot d\u00e9dicac\u00e9. Alex est tr\u00e8s agac\u00e9, d&rsquo;autant plus que Becker est tout heureux d&rsquo;avoir pu aller au Tour de France. \u00c9galement fan de v\u00e9lo, Alex avait pr\u00e9vu de s&rsquo;y rendre, mais il n&rsquo;aura plus le temps maintenant\u2026 Il reproche \u00e0 Becker de ne pas tenir ses engagements. De son c\u00f4t\u00e9, Becker reproche \u00e0 Alex de ne pas prendre assez d&rsquo;initiatives.<\/p>\n<p>            Un si grand soleil en avance\u00a0: Charlotte \u00e9crase un pi\u00e9ton en voiture\u00a0!<\/p>\n<p>Charlotte est stress\u00e9e par le fait qu&rsquo;\u00e0 une semaine de son code de la route, elle fait encore beaucoup de fautes. Elle d\u00e9cide donc de fumer un joint pour se d\u00e9tendre. Lorsqu&rsquo;Achille lui propose de le rejoindre \u00e0 une soir\u00e9e elle tente de convaincre Sohan de l\u2019y conduire, en vain. Charlotte prend donc seule la voiture familiale. Sur la route, concentr\u00e9e sur le GPS, elle percute un homme. Paniqu\u00e9e, elle s\u2019arr\u00eate et d\u00e9couvre la victime sous les roues ! En \u00e9tat de choc, elle appelle Sohan.<\/p>\n","protected":false},"excerpt":{"rendered":"Dans Un si grand soleil\u2026 Devant la juge, Eliott prend ses responsabilit\u00e9s vis-\u00e0-vis de Muriel. Charlotte provoque un&hellip;\n","protected":false},"author":2,"featured_media":244014,"comment_status":"","ping_status":"","sticky":false,"template":"","format":"standard","meta":{"footnotes":""},"categories":[1356],"tags":[244,5933,58,59,38381,1011,27,876,22198,252,1364,9766,26118,26117],"class_list":{"0":"post-244013","1":"post","2":"type-post","3":"status-publish","4":"format-standard","5":"has-post-thumbnail","7":"category-television","8":"tag-commentaire","9":"tag-dans-les-coulisses-deu2026","10":"tag-divertissement","11":"tag-entertainment","12":"tag-fabrice-deville","13":"tag-fr","14":"tag-france","15":"tag-france-3","16":"tag-france-tv","17":"tag-television","18":"tag-tv","19":"tag-un-si-grand-soleil","20":"tag-un-si-grand-soleil-ru00e9sumu00e9","21":"tag-un-si-grand-soleil-ru00e9sumu00e9-en-avance"},"share_on_mastodon":{"url":"https:\/\/pubeurope.com\/@fr\/114838170789664237","error":""},"_links":{"self":[{"href":"https:\/\/www.europesays.com\/fr\/wp-json\/wp\/v2\/posts\/244013","targetHints":{"allow":["GET"]}}],"collection":[{"href":"https:\/\/www.europesays.com\/fr\/wp-json\/wp\/v2\/posts"}],"about":[{"href":"https:\/\/www.europesays.com\/fr\/wp-json\/wp\/v2\/types\/post"}],"author":[{"embeddable":true,"href":"https:\/\/www.europesays.com\/fr\/wp-json\/wp\/v2\/users\/2"}],"replies":[{"embeddable":true,"href":"https:\/\/www.europesays.com\/fr\/wp-json\/wp\/v2\/comments?post=244013"}],"version-history":[{"count":0,"href":"https:\/\/www.europesays.com\/fr\/wp-json\/wp\/v2\/posts\/244013\/revisions"}],"wp:featuredmedia":[{"embeddable":true,"href":"https:\/\/www.europesays.com\/fr\/wp-json\/wp\/v2\/media\/244014"}],"wp:attachment":[{"href":"https:\/\/www.europesays.com\/fr\/wp-json\/wp\/v2\/media?parent=244013"}],"wp:term":[{"taxonomy":"category","embeddable":true,"href":"https:\/\/www.europesays.com\/fr\/wp-json\/wp\/v2\/categories?post=244013"},{"taxonomy":"post_tag","embeddable":true,"href":"https:\/\/www.europesays.com\/fr\/wp-json\/wp\/v2\/tags?post=244013"}],"curies":[{"name":"wp","href":"https:\/\/api.w.org\/{rel}","templated":true}]}}