{"id":244028,"date":"2025-07-12T03:44:12","date_gmt":"2025-07-12T03:44:12","guid":{"rendered":"https:\/\/www.europesays.com\/fr\/244028\/"},"modified":"2025-07-12T03:44:12","modified_gmt":"2025-07-12T03:44:12","slug":"nordahl-lelandais-poursuivi-pour-violences-conjugales-devant-son-fils-lors-dun-parloir-3","status":"publish","type":"post","link":"https:\/\/www.europesays.com\/fr\/244028\/","title":{"rendered":"Nordahl Lelandais poursuivi pour violences conjugales devant son fils lors d\u2019un parloir"},"content":{"rendered":"<p>Nordhal Lelandais a comparu vendredi devant le tribunal correctionnel de Colmar, poursuivi pour des faits de violences conjugales commis le 9 juin devant son fils de 19 mois durant un parloir \u00e0 la maison centrale d\u2019Ensisheim o\u00f9 il est d\u00e9tenu \u00e0 la suite des meurtres du caporal Noyer et de la petite Ma\u00eblys.<\/p>\n<p>L\u2019homme de 42 ans, qui a d\u00e9sormais pris le nom de jeune fille de sa m\u00e8re, P\u00e9rinet, et <a href=\"https:\/\/www.letelegramme.fr\/faits-divers\/affaire-maelys-nordahl-lelandais-condamne-a-perpetuite-ne-fera-pas-appel-212723.php\" target=\"_blank\" rel=\"noopener\">purge depuis 2022 une peine de r\u00e9clusion \u00e0 perp\u00e9tuit\u00e9<\/a>, a sollicit\u00e9 un renvoi pour pr\u00e9parer sa d\u00e9fense. L\u2019affaire sera examin\u00e9e le 28 ao\u00fbt. En attendant, le pr\u00e9venu a interdiction d\u2019entrer en contact avec sa compagne et son fils.<\/p>\n","protected":false},"excerpt":{"rendered":"Nordhal Lelandais a comparu vendredi devant le tribunal correctionnel de Colmar, poursuivi pour des faits de violences conjugales&hellip;\n","protected":false},"author":2,"featured_media":244029,"comment_status":"","ping_status":"","sticky":false,"template":"","format":"standard","meta":{"footnotes":""},"categories":[4],"tags":[11,765,118,1011,27,12,25],"class_list":{"0":"post-244028","1":"post","2":"type-post","3":"status-publish","4":"format-standard","5":"has-post-thumbnail","7":"category-france","8":"tag-actualites","9":"tag-en-continu","10":"tag-faits-divers","11":"tag-fr","12":"tag-france","13":"tag-news","14":"tag-republique-francaise"},"share_on_mastodon":{"url":"https:\/\/pubeurope.com\/@fr\/114838206192201209","error":""},"_links":{"self":[{"href":"https:\/\/www.europesays.com\/fr\/wp-json\/wp\/v2\/posts\/244028","targetHints":{"allow":["GET"]}}],"collection":[{"href":"https:\/\/www.europesays.com\/fr\/wp-json\/wp\/v2\/posts"}],"about":[{"href":"https:\/\/www.europesays.com\/fr\/wp-json\/wp\/v2\/types\/post"}],"author":[{"embeddable":true,"href":"https:\/\/www.europesays.com\/fr\/wp-json\/wp\/v2\/users\/2"}],"replies":[{"embeddable":true,"href":"https:\/\/www.europesays.com\/fr\/wp-json\/wp\/v2\/comments?post=244028"}],"version-history":[{"count":0,"href":"https:\/\/www.europesays.com\/fr\/wp-json\/wp\/v2\/posts\/244028\/revisions"}],"wp:featuredmedia":[{"embeddable":true,"href":"https:\/\/www.europesays.com\/fr\/wp-json\/wp\/v2\/media\/244029"}],"wp:attachment":[{"href":"https:\/\/www.europesays.com\/fr\/wp-json\/wp\/v2\/media?parent=244028"}],"wp:term":[{"taxonomy":"category","embeddable":true,"href":"https:\/\/www.europesays.com\/fr\/wp-json\/wp\/v2\/categories?post=244028"},{"taxonomy":"post_tag","embeddable":true,"href":"https:\/\/www.europesays.com\/fr\/wp-json\/wp\/v2\/tags?post=244028"}],"curies":[{"name":"wp","href":"https:\/\/api.w.org\/{rel}","templated":true}]}}