{"id":244032,"date":"2025-07-12T03:47:03","date_gmt":"2025-07-12T03:47:03","guid":{"rendered":"https:\/\/www.europesays.com\/fr\/244032\/"},"modified":"2025-07-12T03:47:03","modified_gmt":"2025-07-12T03:47:03","slug":"firminy-trois-ligeriens-embarquent-le-11-juillet-pour-le-budapest-rally","status":"publish","type":"post","link":"https:\/\/www.europesays.com\/fr\/244032\/","title":{"rendered":"Firminy. Trois Lig\u00e9riens embarquent le 11\u00a0juillet pour le Budapest Rally"},"content":{"rendered":"<p>\u00c0 la base de ce projet, il y a Steeve (33 ans), un Rouchon, membre de l\u2019association Passion auto moto rlm, qui a d\u00e9j\u00e0 eu l\u2019occasion de participer \u00e0 ce Rallye, il y a deux ans et avait termin\u00e9 sixi\u00e8me. Justine (31 ans, de Firminy) et Alix (38 ans, de Saint-Just-Saint-Rambert), qui ont pris beaucoup de plaisir \u00e0 le suivre sur les r\u00e9seaux sociaux, ont d\u00e9cid\u00e9 de se joindre \u00e0 lui pour participer \u00e0 l\u2019\u00e9dition 2025. <\/p>\n<p>\u00ab\u00a0On l\u2019a suivi en direct sur les r\u00e9seaux sociaux, raconte Alix, et on s\u2019est lanc\u00e9 le d\u00e9fi de le faire aussi\u00a0\u00bb. \u00ab\u00a0\u00c7a fait une bonne exp\u00e9rience entre potes, ajoute Justine. Et on passe en plus par les&#8230;<\/p>\n","protected":false},"excerpt":{"rendered":"\u00c0 la base de ce projet, il y a Steeve (33 ans), un Rouchon, membre de l\u2019association Passion&hellip;\n","protected":false},"author":2,"featured_media":244033,"comment_status":"","ping_status":"","sticky":false,"template":"","format":"standard","meta":{"footnotes":""},"categories":[9653],"tags":[1111,11,2430,7539,1777,674,10282,10283,1011,27,12,25,4001],"class_list":{"0":"post-244032","1":"post","2":"type-post","3":"status-publish","4":"format-standard","5":"has-post-thumbnail","7":"category-saint-etienne","8":"tag-actu","9":"tag-actualites","10":"tag-auvergne-rhone-alpes","11":"tag-edition-loire-sud","12":"tag-eu","13":"tag-europe","14":"tag-firminy","15":"tag-firminy-ville","16":"tag-fr","17":"tag-france","18":"tag-news","19":"tag-republique-francaise","20":"tag-saint-etienne"},"share_on_mastodon":{"url":"https:\/\/pubeurope.com\/@fr\/114838217871895879","error":""},"_links":{"self":[{"href":"https:\/\/www.europesays.com\/fr\/wp-json\/wp\/v2\/posts\/244032","targetHints":{"allow":["GET"]}}],"collection":[{"href":"https:\/\/www.europesays.com\/fr\/wp-json\/wp\/v2\/posts"}],"about":[{"href":"https:\/\/www.europesays.com\/fr\/wp-json\/wp\/v2\/types\/post"}],"author":[{"embeddable":true,"href":"https:\/\/www.europesays.com\/fr\/wp-json\/wp\/v2\/users\/2"}],"replies":[{"embeddable":true,"href":"https:\/\/www.europesays.com\/fr\/wp-json\/wp\/v2\/comments?post=244032"}],"version-history":[{"count":0,"href":"https:\/\/www.europesays.com\/fr\/wp-json\/wp\/v2\/posts\/244032\/revisions"}],"wp:featuredmedia":[{"embeddable":true,"href":"https:\/\/www.europesays.com\/fr\/wp-json\/wp\/v2\/media\/244033"}],"wp:attachment":[{"href":"https:\/\/www.europesays.com\/fr\/wp-json\/wp\/v2\/media?parent=244032"}],"wp:term":[{"taxonomy":"category","embeddable":true,"href":"https:\/\/www.europesays.com\/fr\/wp-json\/wp\/v2\/categories?post=244032"},{"taxonomy":"post_tag","embeddable":true,"href":"https:\/\/www.europesays.com\/fr\/wp-json\/wp\/v2\/tags?post=244032"}],"curies":[{"name":"wp","href":"https:\/\/api.w.org\/{rel}","templated":true}]}}