{"id":244036,"date":"2025-07-12T03:50:04","date_gmt":"2025-07-12T03:50:04","guid":{"rendered":"https:\/\/www.europesays.com\/fr\/244036\/"},"modified":"2025-07-12T03:50:04","modified_gmt":"2025-07-12T03:50:04","slug":"loeil-expose-des-photos-street-art-au-cafe-pere-peinard","status":"publish","type":"post","link":"https:\/\/www.europesays.com\/fr\/244036\/","title":{"rendered":"L\u2019OEil expose des photos \u00ab\u00a0Street Art\u00a0\u00bb au caf\u00e9 P\u00e8re Peinard"},"content":{"rendered":"<p>Bertrand Lartillot expose ses photos sous le pseudo \u00ab\u00a0L\u2019\u0153il\u00a0\u00bb. Une vingtaine d\u2019\u0153uvres, des visages des figures de Nancy \u00e0 New York en passant par les capitales europ\u00e9ennes. Autodidacte et passionn\u00e9 de photos depuis plusieurs d\u00e9cennies, ses clich\u00e9s refl\u00e8tent des courbes, des sym\u00e9tries, des points de vue diff\u00e9rents offrant des angles originaux pris sur le vif. Il a choisi de se concentrer sur le noir et blanc, donnant \u00e0 ses photos des contrastes allant du sombre \u00e0 la lumi\u00e8re et des perspectives d\u00e9cal\u00e9es. Ses inspirations restent classiques\u00a0: Henri Cartier-Bresson, Robert Doisneau, Doroth\u00e9e Lange.<\/p>\n<p class=\"note\">L\u2019exposition sera visible au caf\u00e9 \u00ab\u00a0Le P\u00e8re Peinard\u00a0\u00bb, 17, rue du Pont-Mouja \u00e0 Nancy jusqu\u2019au 6\u00a0septembre.<\/p>\n","protected":false},"excerpt":{"rendered":"Bertrand Lartillot expose ses photos sous le pseudo \u00ab\u00a0L\u2019\u0153il\u00a0\u00bb. Une vingtaine d\u2019\u0153uvres, des visages des figures de Nancy&hellip;\n","protected":false},"author":2,"featured_media":244037,"comment_status":"","ping_status":"","sticky":false,"template":"","format":"standard","meta":{"footnotes":""},"categories":[9635],"tags":[1111,11,1687,1704,1777,674,2271,1011,27,775,1702,1703,12,25],"class_list":{"0":"post-244036","1":"post","2":"type-post","3":"status-publish","4":"format-standard","5":"has-post-thumbnail","7":"category-nancy","8":"tag-actu","9":"tag-actualites","10":"tag-culture-loisirs","11":"tag-edition-nancy-et-agglomeration","12":"tag-eu","13":"tag-europe","14":"tag-exposition-arts-plastiques","15":"tag-fr","16":"tag-france","17":"tag-grand-est","18":"tag-nancy","19":"tag-nancy-ville-54b","20":"tag-news","21":"tag-republique-francaise"},"share_on_mastodon":{"url":"https:\/\/pubeurope.com\/@fr\/114838229627797000","error":""},"_links":{"self":[{"href":"https:\/\/www.europesays.com\/fr\/wp-json\/wp\/v2\/posts\/244036","targetHints":{"allow":["GET"]}}],"collection":[{"href":"https:\/\/www.europesays.com\/fr\/wp-json\/wp\/v2\/posts"}],"about":[{"href":"https:\/\/www.europesays.com\/fr\/wp-json\/wp\/v2\/types\/post"}],"author":[{"embeddable":true,"href":"https:\/\/www.europesays.com\/fr\/wp-json\/wp\/v2\/users\/2"}],"replies":[{"embeddable":true,"href":"https:\/\/www.europesays.com\/fr\/wp-json\/wp\/v2\/comments?post=244036"}],"version-history":[{"count":0,"href":"https:\/\/www.europesays.com\/fr\/wp-json\/wp\/v2\/posts\/244036\/revisions"}],"wp:featuredmedia":[{"embeddable":true,"href":"https:\/\/www.europesays.com\/fr\/wp-json\/wp\/v2\/media\/244037"}],"wp:attachment":[{"href":"https:\/\/www.europesays.com\/fr\/wp-json\/wp\/v2\/media?parent=244036"}],"wp:term":[{"taxonomy":"category","embeddable":true,"href":"https:\/\/www.europesays.com\/fr\/wp-json\/wp\/v2\/categories?post=244036"},{"taxonomy":"post_tag","embeddable":true,"href":"https:\/\/www.europesays.com\/fr\/wp-json\/wp\/v2\/tags?post=244036"}],"curies":[{"name":"wp","href":"https:\/\/api.w.org\/{rel}","templated":true}]}}