{"id":244038,"date":"2025-07-12T03:52:03","date_gmt":"2025-07-12T03:52:03","guid":{"rendered":"https:\/\/www.europesays.com\/fr\/244038\/"},"modified":"2025-07-12T03:52:03","modified_gmt":"2025-07-12T03:52:03","slug":"nancyphonies-soiree-lyrique-avec-jelena-stefanic-et-corrado-valdo","status":"publish","type":"post","link":"https:\/\/www.europesays.com\/fr\/244038\/","title":{"rendered":"Nancyphonies Soir\u00e9e lyrique avec Jelena \u0160tefanic et Corrado Valdo"},"content":{"rendered":"<p>La soprano lyrique croate Jelena \u0160tefanic m\u00e8ne une carri\u00e8re mondiale qui l\u2019emm\u00e8ne du Carnegie Hall de New York au Volksoper de Vienne. Elle pr\u00eate sa voix somptueuse au pianiste et chef d\u2019orchestre italien Corrado Valvo, avec lequel elle a parcouru les plus grandes sc\u00e8nes, dans des programmes d\u00e9di\u00e9s aux plus grands airs lyriques. Au programme\u00a0: Verdi, Puccini, Mozart, Tosti, Lorca, Moreno, Luna et Gim\u00e9nez.<\/p>\n<p class=\"note\">Samedi 12\u00a0juillet, \u00e0 20\u00a0h, dans les grands salons de l\u2019h\u00f4tel de ville, place Stanislas, \u00e0 Nancy. Tarifs\u00a0: 25\u00a0\u20ac et 15\u00a0\u20ac.<\/p>\n","protected":false},"excerpt":{"rendered":"La soprano lyrique croate Jelena \u0160tefanic m\u00e8ne une carri\u00e8re mondiale qui l\u2019emm\u00e8ne du Carnegie Hall de New York&hellip;\n","protected":false},"author":2,"featured_media":244039,"comment_status":"","ping_status":"","sticky":false,"template":"","format":"standard","meta":{"footnotes":""},"categories":[9635],"tags":[1111,11,1687,1704,1777,674,1011,27,775,873,1702,1703,12,25],"class_list":{"0":"post-244038","1":"post","2":"type-post","3":"status-publish","4":"format-standard","5":"has-post-thumbnail","7":"category-nancy","8":"tag-actu","9":"tag-actualites","10":"tag-culture-loisirs","11":"tag-edition-nancy-et-agglomeration","12":"tag-eu","13":"tag-europe","14":"tag-fr","15":"tag-france","16":"tag-grand-est","17":"tag-musique","18":"tag-nancy","19":"tag-nancy-ville-54b","20":"tag-news","21":"tag-republique-francaise"},"share_on_mastodon":{"url":"https:\/\/pubeurope.com\/@fr\/114838237536544428","error":""},"_links":{"self":[{"href":"https:\/\/www.europesays.com\/fr\/wp-json\/wp\/v2\/posts\/244038","targetHints":{"allow":["GET"]}}],"collection":[{"href":"https:\/\/www.europesays.com\/fr\/wp-json\/wp\/v2\/posts"}],"about":[{"href":"https:\/\/www.europesays.com\/fr\/wp-json\/wp\/v2\/types\/post"}],"author":[{"embeddable":true,"href":"https:\/\/www.europesays.com\/fr\/wp-json\/wp\/v2\/users\/2"}],"replies":[{"embeddable":true,"href":"https:\/\/www.europesays.com\/fr\/wp-json\/wp\/v2\/comments?post=244038"}],"version-history":[{"count":0,"href":"https:\/\/www.europesays.com\/fr\/wp-json\/wp\/v2\/posts\/244038\/revisions"}],"wp:featuredmedia":[{"embeddable":true,"href":"https:\/\/www.europesays.com\/fr\/wp-json\/wp\/v2\/media\/244039"}],"wp:attachment":[{"href":"https:\/\/www.europesays.com\/fr\/wp-json\/wp\/v2\/media?parent=244038"}],"wp:term":[{"taxonomy":"category","embeddable":true,"href":"https:\/\/www.europesays.com\/fr\/wp-json\/wp\/v2\/categories?post=244038"},{"taxonomy":"post_tag","embeddable":true,"href":"https:\/\/www.europesays.com\/fr\/wp-json\/wp\/v2\/tags?post=244038"}],"curies":[{"name":"wp","href":"https:\/\/api.w.org\/{rel}","templated":true}]}}