{"id":244044,"date":"2025-07-12T04:00:38","date_gmt":"2025-07-12T04:00:38","guid":{"rendered":"https:\/\/www.europesays.com\/fr\/244044\/"},"modified":"2025-07-12T04:00:38","modified_gmt":"2025-07-12T04:00:38","slug":"pro-d2-fcg-un-nouveau-gallois-va-sengager-avec-grenoble","status":"publish","type":"post","link":"https:\/\/www.europesays.com\/fr\/244044\/","title":{"rendered":"Pro D2. FCG\u00a0: un nouveau Gallois va s\u2019engager avec Grenoble"},"content":{"rendered":"<p>Le FCG s\u2019est montr\u00e9 particuli\u00e8rement actif ces derniers jours sur le plan des mutations de joueurs. Plusieurs \u00e9l\u00e9ments, notamment des jeunes, sont arriv\u00e9s dans le groupe grenoblois, comme l\u2019ouvreur allemand <a href=\"https:\/\/www.ledauphine.com\/sport\/2025\/07\/07\/le-prometteur-melvyn-rates-quitte-le-fcg-pour-le-top-14-un-jeune-allemand-arrive\" target=\"_blank\" rel=\"nofollow noopener\"> Christopher Henning (19 ans), et des d\u00e9parts. <\/a><\/p>\n<p><a href=\"https:\/\/www.ledauphine.com\/sport\/2025\/07\/07\/le-prometteur-melvyn-rates-quitte-le-fcg-pour-le-top-14-un-jeune-allemand-arrive\" target=\"_blank\" rel=\"nofollow noopener\">Melvyn Rates (19 ans)<\/a> a sign\u00e9 avec Montpellier et Thomas Lainault, qui avait prolong\u00e9 il y a quelques semaines avec les Rouge et Bleu jusqu\u2019en 2027, s\u2019est finalement engag\u00e9 avec le Racing M\u00e9tro 92 pour deux saisons.<\/p>\n<p>Dans la foul\u00e9e, <a href=\"https:\/\/www.ledauphine.com\/sport\/2025\/07\/09\/le-fcg-recrute-un-australien-deja-passe-par-grenoble#PlugCommentsList2\" target=\"_blank\" rel=\"nofollow noopener\">le FCG a officialis\u00e9 l\u2019arriv\u00e9e de Cameron Holt.<\/a> L\u2019Australien, joker m\u00e9dical la saison derni\u00e8re, jouera toute la saison avec Grenoble.<\/p>\n<p>  Un deuxi\u00e8me Gallois au FCG<\/p>\n<p>Une fois les d\u00e9parts act\u00e9s, il a fallu que les dirigeants grenoblois r\u00e9agissent. Selon nos informations, le staff technique a mis la main sur le deuxi\u00e8me ligne James Fender, qui \u00e9voluait cette saison avec l\u2019\u00e9quipe d\u2019Ospreys, au Pays de Galles.<\/p>\n<p>Tr\u00e8s grand (2,04 m), le deuxi\u00e8me ligne a disput\u00e9 13 rencontres au total la saison derni\u00e8re. Form\u00e9 dans le club de Swansea, James Fender va vivre sa premi\u00e8re exp\u00e9rience \u00e0 l\u2019\u00e9tranger \u00e0 23 ans.<\/p>\n<p>Il rejoindrait ainsi au FC Grenoble son compatriote Sam Davies (ouvreur), pr\u00e9sent en Is\u00e8re depuis 2023.<\/p>\n","protected":false},"excerpt":{"rendered":"Le FCG s\u2019est montr\u00e9 particuli\u00e8rement actif ces derniers jours sur le plan des mutations de joueurs. Plusieurs \u00e9l\u00e9ments,&hellip;\n","protected":false},"author":2,"featured_media":244045,"comment_status":"","ping_status":"","sticky":false,"template":"","format":"standard","meta":{"footnotes":""},"categories":[9566],"tags":[1111,11,2430,112,113,114,1777,674,2727,1701,1795,1011,27,2731,2732,108,12,2308,25,479,517,1947],"class_list":{"0":"post-244044","1":"post","2":"type-post","3":"status-publish","4":"format-standard","5":"has-post-thumbnail","7":"category-grenoble","8":"tag-actu","9":"tag-actualites","10":"tag-auvergne-rhone-alpes","11":"tag-edition-grenoble-agglomeration","12":"tag-edition-gresivaudan-oisans","13":"tag-edition-voiron-saint-marcellin","14":"tag-eu","15":"tag-europe","16":"tag-fcg-fc-grenoble-rugby","17":"tag-fil-info-sport","18":"tag-fil-web","19":"tag-fr","20":"tag-france","21":"tag-grenoble","22":"tag-grenoble-bassin","23":"tag-isere","24":"tag-news","25":"tag-pro-d2","26":"tag-republique-francaise","27":"tag-rugby","28":"tag-sport","29":"tag-sport-national"},"share_on_mastodon":{"url":"https:\/\/pubeurope.com\/@fr\/114838269060213940","error":""},"_links":{"self":[{"href":"https:\/\/www.europesays.com\/fr\/wp-json\/wp\/v2\/posts\/244044","targetHints":{"allow":["GET"]}}],"collection":[{"href":"https:\/\/www.europesays.com\/fr\/wp-json\/wp\/v2\/posts"}],"about":[{"href":"https:\/\/www.europesays.com\/fr\/wp-json\/wp\/v2\/types\/post"}],"author":[{"embeddable":true,"href":"https:\/\/www.europesays.com\/fr\/wp-json\/wp\/v2\/users\/2"}],"replies":[{"embeddable":true,"href":"https:\/\/www.europesays.com\/fr\/wp-json\/wp\/v2\/comments?post=244044"}],"version-history":[{"count":0,"href":"https:\/\/www.europesays.com\/fr\/wp-json\/wp\/v2\/posts\/244044\/revisions"}],"wp:featuredmedia":[{"embeddable":true,"href":"https:\/\/www.europesays.com\/fr\/wp-json\/wp\/v2\/media\/244045"}],"wp:attachment":[{"href":"https:\/\/www.europesays.com\/fr\/wp-json\/wp\/v2\/media?parent=244044"}],"wp:term":[{"taxonomy":"category","embeddable":true,"href":"https:\/\/www.europesays.com\/fr\/wp-json\/wp\/v2\/categories?post=244044"},{"taxonomy":"post_tag","embeddable":true,"href":"https:\/\/www.europesays.com\/fr\/wp-json\/wp\/v2\/tags?post=244044"}],"curies":[{"name":"wp","href":"https:\/\/api.w.org\/{rel}","templated":true}]}}