{"id":244055,"date":"2025-07-12T04:06:11","date_gmt":"2025-07-12T04:06:11","guid":{"rendered":"https:\/\/www.europesays.com\/fr\/244055\/"},"modified":"2025-07-12T04:06:11","modified_gmt":"2025-07-12T04:06:11","slug":"cette-ville-cotiere-pres-de-nice-est-la-plus-instagrammee-de-france-voici-laquelle","status":"publish","type":"post","link":"https:\/\/www.europesays.com\/fr\/244055\/","title":{"rendered":"Cette ville c\u00f4ti\u00e8re pr\u00e8s de Nice est la plus instagramm\u00e9e de France : voici laquelle"},"content":{"rendered":"<p>            Par<br \/>\n        <strong><br \/>\n            <a href=\"https:\/\/actu.fr\/auteur\/thomas-blanc\" title=\"Consulter tous les articles de Thomas Blanc\" rel=\"nofollow noopener\" target=\"_blank\">Thomas Blanc<\/a><br \/>\n        <\/strong><\/p>\n<p>        Publi\u00e9 le<\/p>\n<p>            12 juil. 2025 \u00e0 5h32        <\/p>\n<p><img decoding=\"async\" loading=\"lazy\" src=\"https:\/\/www.europesays.com\/fr\/wp-content\/uploads\/2025\/07\/photo-cannes-960x640.jpg\" alt=\"Cannes conna\u00eet un fort succ\u00e8s sur Instragram, elle est la ville c\u00f4ti\u00e8re la plus mentionn\u00e9e de France.\" width=\"960\" height=\"640\"\/>Cannes conna\u00eet un fort succ\u00e8s sur Instagram, elle est la ville c\u00f4ti\u00e8re la plus mentionn\u00e9e de France. (\u00a9Fabien Binacchi \/ actu Nice)<\/p>\n<p class=\" wall-content\">Nombreuses sont les personnes \u00e0 <strong>suralimenter leurs r\u00e9seaux sociaux<\/strong> pendant leurs vacances. Dans cette ville des <a href=\"https:\/\/actu.fr\/?s=alpes+maritimes\" rel=\"nofollow noopener\" target=\"_blank\">Alpes-Maritimes<\/a>, pr\u00e8s de <a href=\"https:\/\/actu.fr\/?s=nice\" rel=\"nofollow noopener\" target=\"_blank\">Nice<\/a>, ils sont des millions \u00e0 le faire.<\/p>\n<p class=\" wall-content\">En effet, <a href=\"https:\/\/actu.fr\/?s=cannes\" rel=\"nofollow noopener\" target=\"_blank\">Cannes<\/a> est la<strong> ville c\u00f4ti\u00e8re<\/strong> la plus r\u00e9f\u00e9renc\u00e9e sur <a href=\"https:\/\/actu.fr\/?s=instagram\" rel=\"nofollow noopener\" target=\"_blank\">Instagram<\/a> d\u2019apr\u00e8s une enqu\u00eate du comparateur de localisations de vacances Likibu.<\/p>\n<p>Pr\u00e8s de 6\u00a0millions de posts la mentionnant<\/p>\n<p class=\" wall-content\">Avec <strong>5,9\u00a0millions de mentions sur Instagram<\/strong> entre janvier et avril\u00a02025, Cannes se hisse au rang des villes c\u00f4ti\u00e8res les plus visibles de France sur ce r\u00e9seau social.<\/p>\n<p class=\" wall-content\">\u00ab\u2009Depuis plusieurs ann\u00e9es, nous faisons le choix \u2013 avec le Palais des Festivals et des Congr\u00e8s \u2013 d\u2019un tourisme fond\u00e9 sur la qualit\u00e9 d\u2019accueil et des prestations, quelles que soient les cat\u00e9gories d\u2019\u00e9tablissement ou de services propos\u00e9s\u2009\u00bb, raconte <strong>David Lisnard, maire de Cannes<\/strong> pour justifier cet attrait des voyageurs connect\u00e9s.<\/p>\n<p>Vid\u00e9os : en ce moment sur Actu<\/p>\n<p class=\" wall-content\"><a href=\"https:\/\/www.instagram.com\/reel\/C-ns3HuoACQ\/embed\" title=\"Ouvrir le lien sur Instagram\" rel=\"nofollow noopener\" target=\"_blank\">Visualiser le contenu sur Instagram<\/a><\/p>\n<p class=\" wall-content\">Il insiste, \u00ab\u2009cette d\u00e9marche inspire ainsi la confiance des op\u00e9rateurs du tourisme qui ont investi plus d\u2019un milliard d\u2019euros depuis dix ans dans notre ville.\u2009\u00bb<\/p>\n<p>Saint-Tropez battue<\/p>\n<p class=\" wall-content\">Avec <strong>deux fois moins de mentions<\/strong> sur Instagram (3,1\u00a0millions), <a href=\"https:\/\/actu.fr\/?s=saint+tropez\" rel=\"nofollow noopener\" target=\"_blank\">Saint-Tropez<\/a>, le bijou varois, est deuxi\u00e8me de ce classement de <a href=\"https:\/\/www.likibu.com\/fr\" rel=\"nofollow noopener\" target=\"_blank\">Likibu<\/a> devant <a href=\"https:\/\/actu.fr\/?s=biarritz\" rel=\"nofollow noopener\" target=\"_blank\">Biarritz<\/a> (2,2\u00a0millions), ville des <a href=\"https:\/\/actu.fr\/?s=Pyr%C3%A9n%C3%A9es+atlantiques\" rel=\"nofollow noopener\" target=\"_blank\">Pyr\u00e9n\u00e9es-Atlantiques<\/a>.<\/p>\n<p class=\" wall-content\">Avec son <strong>patrimoine naturel riche<\/strong>\u2009: les \u00eeles de L\u00e9rins, la baie de Cannes, le massif de la Croix des Gardes, les touristes se plaisent \u00e0 Cannes.<\/p>\n<p class=\" wall-content\">Ajoutons \u00e0 cela sa culture\u2009: arts visuels, musique, cin\u00e9ma, th\u00e9\u00e2tre, son identit\u00e9 proven\u00e7ale et sa modernisation de l\u2019espace public, il n\u2019en faut pas plus pour que <strong>les vacanciers crient leur amour de la ville<\/strong> sur internet avec le hashtag <strong>#cannes<\/strong>.<\/p>\n<p class=\" wall-content\">Suivez toute l\u2019actualit\u00e9 de vos villes et m\u00e9dias favoris en vous inscrivant \u00e0 <a href=\"https:\/\/moncompte.actu.fr\" title=\"D\u00e9couvez Mon Actu\" rel=\"nofollow noopener\" data-trk=\"{&quot;cta&quot;:{&quot;action&quot;:&quot;https:\\\/\\\/moncompte.actu.fr&quot;,&quot;category&quot;:&quot;mon compte&quot;,&quot;from&quot;:&quot;article footer&quot;,&quot;name&quot;:&quot;Mon actu&quot;,&quot;type&quot;:&quot;cta&quot;}}\" target=\"_blank\">Mon Actu<\/a>.<\/p>\n<ul class=\"ac-article-tag wall-content\">\n<li><a href=\"https:\/\/actu.fr\/tag\/reseaux-sociaux\" data-trk=\"{&quot;cta&quot;:{&quot;action&quot;:&quot;R\\u00e9seaux sociaux&quot;,&quot;category&quot;:&quot;tag&quot;,&quot;from&quot;:&quot;article footer&quot;,&quot;name&quot;:&quot;R\\u00e9seaux sociaux&quot;,&quot;type&quot;:&quot;cta&quot;}}\" rel=\"nofollow noopener\" target=\"_blank\">#R\u00e9seaux sociaux<\/a><\/li>\n<li><a href=\"https:\/\/actu.fr\/tag\/tourisme\" data-trk=\"{&quot;cta&quot;:{&quot;action&quot;:&quot;Tourisme&quot;,&quot;category&quot;:&quot;tag&quot;,&quot;from&quot;:&quot;article footer&quot;,&quot;name&quot;:&quot;Tourisme&quot;,&quot;type&quot;:&quot;cta&quot;}}\" rel=\"nofollow noopener\" target=\"_blank\">#Tourisme<\/a><\/li>\n<\/ul>\n<p>                    <script async src=\"\/\/www.instagram.com\/embed.js\"><\/script><\/p>\n","protected":false},"excerpt":{"rendered":"Par Thomas Blanc Publi\u00e9 le 12 juil. 2025 \u00e0 5h32 Cannes conna\u00eet un fort succ\u00e8s sur Instagram, elle&hellip;\n","protected":false},"author":2,"featured_media":244056,"comment_status":"","ping_status":"","sticky":false,"template":"","format":"standard","meta":{"footnotes":""},"categories":[2819],"tags":[1111,11,1777,674,1011,27,1305,12,2401,882,25,938,602],"class_list":{"0":"post-244055","1":"post","2":"type-post","3":"status-publish","4":"format-standard","5":"has-post-thumbnail","7":"category-nice","8":"tag-actu","9":"tag-actualites","10":"tag-eu","11":"tag-europe","12":"tag-fr","13":"tag-france","14":"tag-lifestyle","15":"tag-news","16":"tag-nice","17":"tag-provence-alpes-cote-dazur","18":"tag-republique-francaise","19":"tag-reseaux-sociaux","20":"tag-tourisme"},"share_on_mastodon":{"url":"https:\/\/pubeurope.com\/@fr\/114838292713531440","error":""},"_links":{"self":[{"href":"https:\/\/www.europesays.com\/fr\/wp-json\/wp\/v2\/posts\/244055","targetHints":{"allow":["GET"]}}],"collection":[{"href":"https:\/\/www.europesays.com\/fr\/wp-json\/wp\/v2\/posts"}],"about":[{"href":"https:\/\/www.europesays.com\/fr\/wp-json\/wp\/v2\/types\/post"}],"author":[{"embeddable":true,"href":"https:\/\/www.europesays.com\/fr\/wp-json\/wp\/v2\/users\/2"}],"replies":[{"embeddable":true,"href":"https:\/\/www.europesays.com\/fr\/wp-json\/wp\/v2\/comments?post=244055"}],"version-history":[{"count":0,"href":"https:\/\/www.europesays.com\/fr\/wp-json\/wp\/v2\/posts\/244055\/revisions"}],"wp:featuredmedia":[{"embeddable":true,"href":"https:\/\/www.europesays.com\/fr\/wp-json\/wp\/v2\/media\/244056"}],"wp:attachment":[{"href":"https:\/\/www.europesays.com\/fr\/wp-json\/wp\/v2\/media?parent=244055"}],"wp:term":[{"taxonomy":"category","embeddable":true,"href":"https:\/\/www.europesays.com\/fr\/wp-json\/wp\/v2\/categories?post=244055"},{"taxonomy":"post_tag","embeddable":true,"href":"https:\/\/www.europesays.com\/fr\/wp-json\/wp\/v2\/tags?post=244055"}],"curies":[{"name":"wp","href":"https:\/\/api.w.org\/{rel}","templated":true}]}}