{"id":244060,"date":"2025-07-12T04:10:36","date_gmt":"2025-07-12T04:10:36","guid":{"rendered":"https:\/\/www.europesays.com\/fr\/244060\/"},"modified":"2025-07-12T04:10:36","modified_gmt":"2025-07-12T04:10:36","slug":"quel-xv-type-et-quelle-rotation-pour-la-saison-2025-2026-3","status":"publish","type":"post","link":"https:\/\/www.europesays.com\/fr\/244060\/","title":{"rendered":"Quel XV type et quelle rotation pour la saison 2025-2026 ?"},"content":{"rendered":"<p style=\"text-align: justify;\"><strong>TOP 14 \u2013 \u00c0 l\u2019aube d\u2019une saison 2025-2026 qui s\u2019annonce d\u00e9cisive, l\u2019Union Bordeaux-B\u00e8gles affiche ses ambitions avec un effectif \u00e0 la fois stable, renforc\u00e9 et taill\u00e9 pour le tr\u00e8s haut niveau. Entre recrues de choix, prolongations cl\u00e9s et jeunes talents en \u00e9closion, le staff girondin dispose d\u2019un r\u00e9servoir de joueurs capable de viser le sommet du Top 14 et briller en Champions Cup. D\u00e9cryptage du XV type que pourrait aligner Yannick Bru dans les mois \u00e0 venir.<\/strong><\/p>\n<p style=\"text-align: justify;\">Alors que l\u2019intersaison touche doucement \u00e0 sa fin, l\u2019<a href=\"https:\/\/dicodusport.fr\/blog\/transferts-ubb-2025-arrivees-departs-et-prolongations\/\" target=\"_blank\" rel=\"noopener\"><strong>Union Bordeaux-B\u00e8gles<\/strong><\/a> s\u2019avance vers l\u2019exercice 2025-2026 avec une ambition renouvel\u00e9e, port\u00e9e par un recrutement cibl\u00e9, des prolongations importantes, et une profondeur d\u2019effectif jamais vue sur les bords de la Garonne. Entre leaders confirm\u00e9s et jeunes p\u00e9pites, voici le <strong>XV type<\/strong> que pourrait aligner <strong>Yannick Bru<\/strong> au c\u0153ur de la saison, en tenant compte des multiples rotations possibles.<\/p>\n<p>Un paquet d\u2019avants renforc\u00e9 et homog\u00e8ne<\/p>\n<p style=\"text-align: justify;\">En premi\u00e8re ligne, la stabilit\u00e9 est de mise avec l\u2019ind\u00e9boulonnable <strong>Jefferson Poirot \u00e0 gauche<\/strong>, accompagn\u00e9 du solide <a href=\"https:\/\/dicodusport.fr\/blog\/transferts-rugby-gaetan-barlot-sam-simmonds-julian-montoya-les-infos-du-7-octobre\/\" target=\"_blank\" rel=\"noopener\"><strong>Ga\u00ebtan Barlot<\/strong><\/a>, arriv\u00e9 en provenance de Castres pour dynamiser le talonnage, et l\u2019\u00e9ternel <strong>Ben Tameifuna<\/strong>. En rotation, <strong>Sipili Falatea<\/strong>, <strong>Maxime Lamothe<\/strong>, <strong>Matis Perchaud<\/strong>, le jeune, mais prometteur, <strong>Louis Mary<\/strong>, transf\u00e9r\u00e9 de Dax, garantissent puissance et constance dans les phases de conqu\u00eate. Lamothe et Barlot devraient se partager le poste de talonneur dans les rencontres importantes, le premier cit\u00e9 ayant r\u00e9alis\u00e9 une saison 2024-2025 XXL.<\/p>\n<p style=\"text-align: justify;\">La deuxi\u00e8me ligne sera dense. Entre le cadre <strong>Cyril Cazeaux<\/strong>, l\u2019\u00c9cossais <strong>Jonny Gray<\/strong>, <strong>Adam Coleman<\/strong> et la recrue exp\u00e9riment\u00e9e <strong>Boris Palu<\/strong> (ex-Racing 92), le choix sera corn\u00e9lien pour Yannick Bru et son staff. D\u2019autant plus que <a href=\"https:\/\/dicodusport.fr\/blog\/transferts-cameron-woki-quitte-deja-le-racing-92-pour-un-autre-club-de-top14\/\" target=\"_blank\" rel=\"noopener\"><strong>Cameron Woki<\/strong><\/a> effectue son retour en Gironde, apr\u00e8s une parenth\u00e8se mitig\u00e9e au Racing 92. Ce dernier pourra doubler aux postes de deuxi\u00e8me ligne et troisi\u00e8me ligne.<\/p>\n<p style=\"text-align: justify;\">La troisi\u00e8me ligne, justement, aura des allures de rouleau compresseur. Outre Woki, <strong>Bastien Vergnes-Taillefer<\/strong>, le nouveau venu <a href=\"https:\/\/dicodusport.fr\/blog\/transferts-jean-luc-du-preez-va-signer-en-top-14\/\" target=\"_blank\" rel=\"noopener\"><strong>Jean-Luc du Preez<\/strong><\/a>, v\u00e9ritable poison dans les zones de ruck, ainsi que <strong>Marko Gazzotti<\/strong>, auront un r\u00f4le essentiel \u00e0 jour. En soutien, <strong>Pierre Bochaton<\/strong>, <strong>Lachlan Swinton<\/strong> et <strong>Temo Matiu<\/strong> participeront \u00e0 une rotation de qualit\u00e9 pour maintenir l\u2019intensit\u00e9.<\/p>\n<p><a href=\"https:\/\/dicodusport.fr\/blog\/toulouse-et-lubb-en-force-le-xv-type-du-top-14-2025-2026-selon-les-lecteurs-de-dicodusport\/\" class=\"vlp-link\" title=\"Toulouse et l\u2019UBB en force : le XV type du Top 14 2025-2026 selon les lecteurs de Dicodusport\" target=\"_blank\" rel=\"noopener\"><img loading=\"lazy\" decoding=\"async\" style=\"max-width: 792px;\" width=\"792\" height=\"445\" class=\"attachment-800x445 size-800x445 perfmatters-lazy\" alt=\"Toulouse et l\u2019UBB en force le XV type du Top 14 2025-2026 selon les lecteurs de Dicodusport\" src=\"https:\/\/www.europesays.com\/fr\/wp-content\/uploads\/2025\/07\/Toulouse-et-lUBB-en-force-le-XV-type-du-Top-14-2025-2026-selon-les-lecteurs-de-Dicodusport.png\"  data-\/><\/p>\n<p>Toulouse et l\u2019UBB en force : le XV type du Top 14 2025-2026 selon les lecteurs de Dicodusport<\/p>\n<p>Il y a quelques semaines, Dicodusport vous donnait l&rsquo;occasion de composer votre XV type de la saison de Top 14. Voici les r\u00e9sultats de notre consultation.<\/p>\n<p>Lire l&rsquo;article<\/p>\n<p>dicodusport.fr<\/p>\n<p>Une charni\u00e8re Lucu-Jalibert inchang\u00e9e<\/p>\n<p style=\"text-align: justify;\">Pas de r\u00e9volution dans la charni\u00e8re : <strong>Maxime Lucu<\/strong> et <strong>Matthieu Jalibert <\/strong>continueront de diriger le jeu bordelais lors des grandes occasions. Leur complicit\u00e9 et leur exp\u00e9rience seront des atouts majeurs, notamment lors des joutes europ\u00e9ennes. Pour souffler, Lucu pourra compter sur l\u2019ex-Lyonnais <a href=\"https:\/\/dicodusport.fr\/blog\/transferts-martin-page-relo-devrait-quitter-lyon-pour-rejoindre-un-cador-de-top-14\/\" target=\"_blank\" rel=\"noopener\"><strong>Martin Page-Relo<\/strong><\/a> et le jeune espoir <strong>Valentin Hutteau<\/strong>, d\u00e9barqu\u00e9 de Massy. L\u2019Irlandais <strong>Joey Carbery<\/strong>, malgr\u00e9 une premi\u00e8re saison d\u00e9licate en Gironde, suppl\u00e9era Matthieu Jalibert.<\/p>\n<p>Des lignes arri\u00e8re pr\u00eates \u00e0 faire des \u00e9tincelles<\/p>\n<p style=\"text-align: justify;\">Derri\u00e8re, l\u2019<strong>UBB<\/strong> n\u2019a rien \u00e0 envier \u00e0 son grand rival, le Stade Toulousain. Sur les ailes, le ph\u00e9nom\u00e8ne <strong>Louis Bielle-Biarrey<\/strong> et l\u2019incontournable <strong>Damian Penaud<\/strong> offriront vitesse, finition et cr\u00e9ativit\u00e9, tandis qu\u2019\u00e0 l\u2019arri\u00e8re, Romain Buros assurera la stabilit\u00e9 et les relances tranchantes. L\u2019arriv\u00e9e de <a href=\"https:\/\/dicodusport.fr\/blog\/transferts-vannes-salesi-rayasi-va-signer-chez-un-cador-de-top-14\/\" target=\"_blank\" rel=\"noopener\"><strong>Salesi Rayasi<\/strong>,<\/a> en provenance de Vannes, l\u2019exp\u00e9rience d\u2019<strong>Arthur Reti\u00e8re<\/strong> et la polyvalence de <strong>Pablo Uberti<\/strong>, capable d\u2019\u00e9voluer au centre, assureront la continuit\u00e9 au fond du terrain, au sein d\u2019une rotation explosive.<\/p>\n<p>\n<a href=\"https:\/\/dicodusport.fr\/blog\/offres\/abonnements-sans-pub\/\" target=\"_blank\" rel=\"noopener\"><img loading=\"lazy\" decoding=\"async\" class=\"alignnone size-full wp-image-501284 perfmatters-lazy\" alt=\"\" width=\"1200\" height=\"200\" src=\"https:\/\/www.europesays.com\/fr\/wp-content\/uploads\/2025\/04\/Abonnements-sans-pubs-Dicodusport.png\"\/><\/a><br \/><a href=\"https:\/\/dicodusport.fr\/blog\/offres\/abonnements-sans-pub\/\" target=\"_blank\" rel=\"noopener\"><img loading=\"lazy\" decoding=\"async\" class=\"alignnone size-full wp-image-501296 perfmatters-lazy\" alt=\"\" width=\"400\" height=\"400\" src=\"https:\/\/www.europesays.com\/fr\/wp-content\/uploads\/2025\/04\/Abonnements-sans-pubs-Dicodusport-mobile.png\"\/><\/a><\/p>\n<p style=\"text-align: justify;\">Au centre, le duo <strong>Yoram Moefana \u2013 Nicolas Depoort\u00e8re<\/strong>, tous deux verrouill\u00e9s \u00e0 long terme, devrait s\u2019imposer de lui-m\u00eame, de par sa puissance et sa compl\u00e9mentarit\u00e9. <strong>Pablo Uberti<\/strong> donc, apportera une solution fiable, tout comme le puissant <strong>Rohan Janse van Rensburg<\/strong>. Enfin, n\u2019oublions pas les jeunes loups girondins, avec la r\u00e9v\u00e9lation <strong>Jon Echegaray<\/strong> et l\u2019arriv\u00e9e de <strong>Xan Mousqu\u00e8s<\/strong> (Bayonne), tous deux pr\u00eats \u00e0 bousculer la hi\u00e9rarchie et \u00e0 se faire une place au soleil.<\/p>\n<p><a href=\"https:\/\/dicodusport.fr\/blog\/stade-toulousain-quel-xv-type-et-quelle-rotation-pour-la-saison-2025-2026\/\" class=\"vlp-link\" title=\"Stade Toulousain : Quel XV type et quelle rotation pour la saison 2025-2026 ?\" target=\"_blank\" rel=\"noopener\"><img loading=\"lazy\" decoding=\"async\" style=\"max-width: 792px;\" width=\"792\" height=\"445\" class=\"attachment-800x445 size-800x445 perfmatters-lazy\" alt=\"Stade Toulousain Quel XV type et quelle rotation pour la saison 2025-2026\" src=\"https:\/\/www.europesays.com\/fr\/wp-content\/uploads\/2025\/07\/Stade-Toulousain-Quel-XV-type-et-quelle-rotation-pour-la-saison-2025-2026-.png\"  data-\/><\/p>\n<p>Stade Toulousain : Quel XV type et quelle rotation pour la saison 2025-2026 ?<\/p>\n<p>Avec un effectif toujours plus riche et l\u2019arriv\u00e9e remarqu\u00e9e de Teddy Thomas, le Stade Toulousain aborde la saison 2025-2026 en favori. Quel sera le XV type ? Quelle gestion pour une rotation efficace ? D\u00e9cryptage.<\/p>\n<p>Lire l&rsquo;article<\/p>\n<p>dicodusport.fr<\/p>\n<p>Une gestion strat\u00e9gique \u00e0 peaufiner<\/p>\n<p style=\"text-align: justify;\" data-start=\"3335\" data-end=\"3709\">Avec un calendrier charg\u00e9 et de grandes ambitions en <strong>Top 14<\/strong> comme en <strong>Champions Cup<\/strong>, la gestion des temps de jeu sera cruciale. La profondeur de banc offre n\u00e9anmoins au staff girondin la possibilit\u00e9 de faire souffler ses cadres sans compromettre le niveau de jeu. Sans oublier les fen\u00eatres internationales qui impacteront forc\u00e9ment l\u2019effectif bordelo-b\u00e9glais. Mais <strong>Yannick Bru<\/strong> peut voir venir, et le recrutement cibl\u00e9 devrait permettre \u00e0 l\u2019<strong>UBB<\/strong> de jouer les premiers r\u00f4les sur tous les tableaux.<\/p>\n<p>Le XV type probable de l\u2019UBB<\/p>\n<p style=\"text-align: center;\">1. Poirot \u2013 2. Barlot \u2013 3. Tameifuna<br \/>4. Palu \u2013 5. Cazeaux<br \/>6. Woki \u2013 8. du Preez \u2013 7. Gazzotti<br \/>9. Lucu \u2013 10. Jalibert<br \/>11. Bielle-Biarrey \u2013 12. Moefana \u2013 13. Depoort\u00e8re \u2013 14. Penaud<br \/>15. Buros<\/p>\n<p style=\"text-align: justify;\"><strong>PS : Il s\u2019agit d\u2019un XV type, et non d\u2019une composition d\u2019\u00e9quipe. Les quotas JIFF ne sont pas pris en compte ici.<\/strong><\/p>\n","protected":false},"excerpt":{"rendered":"TOP 14 \u2013 \u00c0 l\u2019aube d\u2019une saison 2025-2026 qui s\u2019annonce d\u00e9cisive, l\u2019Union Bordeaux-B\u00e8gles affiche ses ambitions avec un&hellip;\n","protected":false},"author":2,"featured_media":244061,"comment_status":"","ping_status":"","sticky":false,"template":"","format":"standard","meta":{"footnotes":""},"categories":[2817],"tags":[1111,11,1997,2113,1777,674,1011,27,12,2219,25,478,4364,7974],"class_list":{"0":"post-244060","1":"post","2":"type-post","3":"status-publish","4":"format-standard","5":"has-post-thumbnail","7":"category-bordeaux","8":"tag-actu","9":"tag-actualites","10":"tag-bordeaux","11":"tag-breve","12":"tag-eu","13":"tag-europe","14":"tag-fr","15":"tag-france","16":"tag-news","17":"tag-nouvelle-aquitaine","18":"tag-republique-francaise","19":"tag-top-14","20":"tag-ubb","21":"tag-union-bordeaux-begles"},"share_on_mastodon":{"url":"https:\/\/pubeurope.com\/@fr\/114838308623153430","error":""},"_links":{"self":[{"href":"https:\/\/www.europesays.com\/fr\/wp-json\/wp\/v2\/posts\/244060","targetHints":{"allow":["GET"]}}],"collection":[{"href":"https:\/\/www.europesays.com\/fr\/wp-json\/wp\/v2\/posts"}],"about":[{"href":"https:\/\/www.europesays.com\/fr\/wp-json\/wp\/v2\/types\/post"}],"author":[{"embeddable":true,"href":"https:\/\/www.europesays.com\/fr\/wp-json\/wp\/v2\/users\/2"}],"replies":[{"embeddable":true,"href":"https:\/\/www.europesays.com\/fr\/wp-json\/wp\/v2\/comments?post=244060"}],"version-history":[{"count":0,"href":"https:\/\/www.europesays.com\/fr\/wp-json\/wp\/v2\/posts\/244060\/revisions"}],"wp:featuredmedia":[{"embeddable":true,"href":"https:\/\/www.europesays.com\/fr\/wp-json\/wp\/v2\/media\/244061"}],"wp:attachment":[{"href":"https:\/\/www.europesays.com\/fr\/wp-json\/wp\/v2\/media?parent=244060"}],"wp:term":[{"taxonomy":"category","embeddable":true,"href":"https:\/\/www.europesays.com\/fr\/wp-json\/wp\/v2\/categories?post=244060"},{"taxonomy":"post_tag","embeddable":true,"href":"https:\/\/www.europesays.com\/fr\/wp-json\/wp\/v2\/tags?post=244060"}],"curies":[{"name":"wp","href":"https:\/\/api.w.org\/{rel}","templated":true}]}}