{"id":244068,"date":"2025-07-12T04:15:11","date_gmt":"2025-07-12T04:15:11","guid":{"rendered":"https:\/\/www.europesays.com\/fr\/244068\/"},"modified":"2025-07-12T04:15:11","modified_gmt":"2025-07-12T04:15:11","slug":"marseille-un-classement-revele-sil-faut-y-acheter-sa-residence-secondaire","status":"publish","type":"post","link":"https:\/\/www.europesays.com\/fr\/244068\/","title":{"rendered":"Marseille. Un classement r\u00e9v\u00e8le s&rsquo;il faut y acheter sa r\u00e9sidence secondaire"},"content":{"rendered":"<p>            Par<br \/>\n        <strong><br \/>\n            <a href=\"https:\/\/actu.fr\/auteur\/thomas-blanc\" title=\"Consulter tous les articles de Thomas Blanc\" rel=\"nofollow noopener\" target=\"_blank\">Thomas Blanc<\/a><br \/>\n        <\/strong><\/p>\n<p>        Publi\u00e9 le<\/p>\n<p>            12 juil. 2025 \u00e0 6h04        <\/p>\n<p>D\u2019apr\u00e8s l\u2019<a href=\"https:\/\/actu.fr\/?s=insee\" rel=\"nofollow noopener\" target=\"_blank\">Insee<\/a>, 3,5\u2009% des logements de <a href=\"https:\/\/actu.fr\/?s=marseille\" rel=\"nofollow noopener\" target=\"_blank\">Marseille<\/a> constitueraient des <a href=\"https:\/\/actu.fr\/?s=r%C3%A9sidences+secondaires\" rel=\"nofollow noopener\" target=\"_blank\">r\u00e9sidences secondaires<\/a> ou des logements occup\u00e9s occasionnellement. C\u2019est <strong>cinq fois moins<\/strong> que la m\u00eame statistique \u00e0 l\u2019\u00e9chelle de la r\u00e9gion <a href=\"https:\/\/actu.fr\/?s=Paca\" rel=\"nofollow noopener\" target=\"_blank\">Provence-Alpes-C\u00f4te d\u2019Azur<\/a> (14,5\u2009%). Ces propri\u00e9taires ont-ils raison de faire de la cit\u00e9 phoc\u00e9enne leur <strong>r\u00e9sidence d\u2019\u00e9t\u00e9<\/strong>\u2009? Faut-il les imiter et faire de m\u00eame\u2009? Un classement \u00e9tabli par Casavo donne la r\u00e9ponse.<\/p>\n<p>Un classement objectif<\/p>\n<p class=\" wall-content\">Le r\u00e9seau immobilier Casavo, sur Internet et en agences, a compar\u00e9 dix villes phares de la r\u00e9gion Paca.<\/p>\n<p class=\" wall-content\">\u00c0 partir de <strong>donn\u00e9es objectives<\/strong>\u2009: prix au m\u00b2, \u00e9volution sur dix ans, desserte du Train Grande Vitesse (TGV), taux de r\u00e9sidences secondaires, ensoleillement annuel, dynamisme culturel et conditions de location, elle leur a attribu\u00e9 <strong>une note sur 20<\/strong>.<\/p>\n<p class=\" wall-content\">Cette note doit aider les acheteurs \u00e0 y voir plus clair et \u00e0 s\u00e9lectionner leur <strong>emplacement id\u00e9al<\/strong> selon leur profil.<\/p>\n<p>Marseille truste le haut du classement<\/p>\n<p class=\" wall-content\">Et c\u2019est bien le chef-lieu des <a href=\"https:\/\/actu.fr\/?s=Bouches-du-rh%C3%B4ne\" rel=\"nofollow noopener\" target=\"_blank\">Bouches-du-Rh\u00f4ne<\/a> qui arrive en t\u00eate de ce classement effectu\u00e9 par Casavo.<\/p>\n<p class=\" wall-content\">Le r\u00e9seau d\u00e9crit la ville comme ceci\u2009: \u00ab\u2009avec son bord de mer, son ensoleillement au top (2800 heures\/an) et <strong>un prix au m\u00e8tre carr\u00e9 encore accessible<\/strong> (4600 \u20ac\/m\u00b2), Marseille coche toutes les cases\u2009\u00bb. Il lui accorde la note 17,5\/20.<\/p>\n<p class=\" wall-content\">C\u2019est mieux que l\u2019Isle-sur-la-Sorgue, ville du Luberon (Vaucluse), qui obtient la deuxi\u00e8me place avec 17\/20.<\/p>\n<p class=\" wall-content\">Marseille jouit aussi, \u00ab\u2009d\u2019un acc\u00e8s direct en TGV depuis Paris (3h10) et une forte prise de valeur (+31 % sur dix ans)\u2009\u00bb. Tout cela la rend <strong>attractive autant pour les investisseurs que pour les t\u00e9l\u00e9travailleurs.<\/strong><\/p>\n<p>Aix-en-Provence \u00e0 la tra\u00eene<\/p>\n<p class=\" wall-content\">L\u2019autre capitale r\u00e9gionale, Nice, n\u2019atteint que la 4e place (15\/20). En cause \u00ab\u2009<strong>un prix trop \u00e9lev\u00e9<\/strong> (6\u2009300\u20ac\/m\u00b2) qui freine les petits budgets.\u2009\u00bb La ville de Toulon, dans le Var, compl\u00e8te le podium.<\/p>\n<p class=\" wall-content\">C\u2019est encore pire pour Aix qui avec ses 6\u2009500\u20ac\/m\u00b2 ne se voit attribuer que la 5e place (14,5\/20). Casavo pr\u00e9cise tout de m\u00eame que la ville \u00ab\u2009est pris\u00e9e pour sa vie culturelle\u2009\u00bb et qu\u2019elle \u00ab\u2009reste un tr\u00e8s bon choix si vous souhaitez un cadre calme, entour\u00e9 de verdure loin du tourisme de masse.\u2009\u00bb<\/p>\n<p class=\" wall-content\">La derni\u00e8re ville des Bouches-du-Rh\u00f4ne dans ce classement est celle de Cassis, 7e.<\/p>\n<p class=\" wall-content\">Suivez toute l\u2019actualit\u00e9 de vos villes et m\u00e9dias favoris en vous inscrivant \u00e0 <a href=\"https:\/\/moncompte.actu.fr\" title=\"D\u00e9couvez Mon Actu\" rel=\"nofollow noopener\" data-trk=\"{&quot;cta&quot;:{&quot;action&quot;:&quot;https:\\\/\\\/moncompte.actu.fr&quot;,&quot;category&quot;:&quot;mon compte&quot;,&quot;from&quot;:&quot;article footer&quot;,&quot;name&quot;:&quot;Mon actu&quot;,&quot;type&quot;:&quot;cta&quot;}}\" target=\"_blank\">Mon Actu<\/a>.<\/p>\n","protected":false},"excerpt":{"rendered":"Par Thomas Blanc Publi\u00e9 le 12 juil. 2025 \u00e0 6h04 D\u2019apr\u00e8s l\u2019Insee, 3,5\u2009% des logements de Marseille constitueraient&hellip;\n","protected":false},"author":2,"featured_media":244069,"comment_status":"","ping_status":"","sticky":false,"template":"","format":"standard","meta":{"footnotes":""},"categories":[2814],"tags":[1111,11,1777,674,1011,27,1116,884,12,882,25,104],"class_list":{"0":"post-244068","1":"post","2":"type-post","3":"status-publish","4":"format-standard","5":"has-post-thumbnail","7":"category-marseille","8":"tag-actu","9":"tag-actualites","10":"tag-eu","11":"tag-europe","12":"tag-fr","13":"tag-france","14":"tag-immobilier","15":"tag-marseille","16":"tag-news","17":"tag-provence-alpes-cote-dazur","18":"tag-republique-francaise","19":"tag-societe"},"share_on_mastodon":{"url":"https:\/\/pubeurope.com\/@fr\/114838328035254118","error":""},"_links":{"self":[{"href":"https:\/\/www.europesays.com\/fr\/wp-json\/wp\/v2\/posts\/244068","targetHints":{"allow":["GET"]}}],"collection":[{"href":"https:\/\/www.europesays.com\/fr\/wp-json\/wp\/v2\/posts"}],"about":[{"href":"https:\/\/www.europesays.com\/fr\/wp-json\/wp\/v2\/types\/post"}],"author":[{"embeddable":true,"href":"https:\/\/www.europesays.com\/fr\/wp-json\/wp\/v2\/users\/2"}],"replies":[{"embeddable":true,"href":"https:\/\/www.europesays.com\/fr\/wp-json\/wp\/v2\/comments?post=244068"}],"version-history":[{"count":0,"href":"https:\/\/www.europesays.com\/fr\/wp-json\/wp\/v2\/posts\/244068\/revisions"}],"wp:featuredmedia":[{"embeddable":true,"href":"https:\/\/www.europesays.com\/fr\/wp-json\/wp\/v2\/media\/244069"}],"wp:attachment":[{"href":"https:\/\/www.europesays.com\/fr\/wp-json\/wp\/v2\/media?parent=244068"}],"wp:term":[{"taxonomy":"category","embeddable":true,"href":"https:\/\/www.europesays.com\/fr\/wp-json\/wp\/v2\/categories?post=244068"},{"taxonomy":"post_tag","embeddable":true,"href":"https:\/\/www.europesays.com\/fr\/wp-json\/wp\/v2\/tags?post=244068"}],"curies":[{"name":"wp","href":"https:\/\/api.w.org\/{rel}","templated":true}]}}