{"id":244072,"date":"2025-07-12T04:17:11","date_gmt":"2025-07-12T04:17:11","guid":{"rendered":"https:\/\/www.europesays.com\/fr\/244072\/"},"modified":"2025-07-12T04:17:11","modified_gmt":"2025-07-12T04:17:11","slug":"les-travaux-de-limmeuble-transforment-son-appartement-en-fournaise","status":"publish","type":"post","link":"https:\/\/www.europesays.com\/fr\/244072\/","title":{"rendered":"les travaux de l&rsquo;immeuble transforment son appartement en \u00ab\u00a0fournaise\u00a0\u00bb"},"content":{"rendered":"<p>            Par<br \/>\n        <strong><br \/>\n            <a href=\"https:\/\/actu.fr\/auteur\/julien-sournies\" title=\"Consulter tous les articles de Julien Sournies\" rel=\"nofollow noopener\" target=\"_blank\">Julien Sournies<\/a><br \/>\n        <\/strong><\/p>\n<p>        Publi\u00e9 le<\/p>\n<p>            12 juil. 2025 \u00e0 6h10        <\/p>\n<p>L\u2019incompr\u00e9hension est totale pour une bonne partie des habitants de cet immeuble de la rue Pierre-Brunier \u00e0 Caluire-et-Cuire (<a href=\"https:\/\/actu.fr\/auvergne-rhone-alpes\/rhone_69\" rel=\"nofollow noopener\" target=\"_blank\">Rh\u00f4ne<\/a>), pr\u00e8s de <a href=\"https:\/\/actu.fr\/lyon\/\" rel=\"nofollow noopener\" target=\"_blank\">Lyon<\/a>. Alors que des travaux de ravalement de fa\u00e7ades ont \u00e9t\u00e9 entrepris d\u00e9but juin, nombre de locataires ont appris, une poign\u00e9e de jours en amont, que tous les volets situ\u00e9s sur la face nord du b\u00e2timent devaient finalement \u00eatre momentan\u00e9ment <strong>retir\u00e9s<\/strong> ce lundi 7\u00a0juillet.<br \/>Probl\u00e8me\u2009: une <a href=\"https:\/\/actu.fr\/auvergne-rhone-alpes\/lyon_69123\/lyon-orages-chaleur-vers-un-week-end-du-14-juillet-explosif-ce-que-meteo-france-annonce_62893247.html\" rel=\"nofollow noopener\" target=\"_blank\">nouvelle vague de chaleur<\/a> risque \u00e0 nouveau de frapper le d\u00e9partement rhodanien d\u2019ici \u00e0 la fin du mois, suscitant ainsi la vive inqui\u00e9tude des r\u00e9sidents d\u00e9sormais d\u00e9pourvus de la \u00ab\u2009seule chose qui nous permettait de nous prot\u00e9ger du chaud\u2009\u00bb.<\/p>\n<p>\u00ab\u2009On ne l\u2019a su qu\u2019au dernier moment\u2009\u00bb<\/p>\n<p class=\" wall-content\">Locataire d\u2019un appartement au sein de l\u2019immeuble depuis maintenant trois ans, Marie* ne cache pas son exasp\u00e9ration. Selon cette m\u00e8re de deux enfants, actuellement en cong\u00e9 maternit\u00e9, l\u2019annonce des travaux, initi\u00e9s par leur syndic de copropri\u00e9t\u00e9 <strong>Foncia<\/strong>, s\u2019est d\u2019abord faite trop tardivement. \u00ab\u2009On l\u2019a d\u00e9couvert sur une affiche placard\u00e9e en bas de l\u2019immeuble seulement mi-mai. M\u00eame s\u2019il fallait faire quelque chose, on n\u2019\u00e9tait pas ravi. On a un peu \u00e9t\u00e9 pris au d\u00e9pourvu\u2009\u00bb, regrette-t-elle.<\/p>\n<p class=\" wall-content\">Seulement, la date choisie pour le retrait des persiennes a agi comme la<strong> goutte de trop<\/strong>. \u00ab\u2009On nous a dit qu\u2019on allait \u00eatre au courant largement en avance, mais on ne l\u2019a su qu\u2019au dernier moment, vu que nous \u00e9tions en vacances. La r\u00e9gie qui s\u2019occupe de notre appartement l\u2019a d\u00e9couvert en m\u00eame temps que nous. Mon propri\u00e9taire ne l\u2019a m\u00eame pas inform\u00e9 alors que la d\u00e9cision a eu lieu longtemps avant. Ce n\u2019est pas normal\u2009\u00bb, peste Marie.<\/p>\n<p>    <img   decoding=\"async\" loading=\"lazy\" src=\"https:\/\/www.europesays.com\/fr\/wp-content\/uploads\/2025\/07\/immeuble-canicule-960x640.jpg\" alt=\"Les habitants d'un immeuble de Caluire-et-Cuire, faisant l'objet de travaux de ravalement de fa\u00e7ades, s'inqui\u00e8tent des fortes chaleurs qui pourraient revenir d'ici \u00e0 la fin du mois de juillet.\" width=\"960\" height=\"640\"\/><br \/>\n    Les habitants d\u2019un immeuble de Caluire-et-Cuire, faisant l\u2019objet de travaux de ravalement de fa\u00e7ades, s\u2019inqui\u00e8tent des fortes chaleurs qui pourraient revenir d\u2019ici \u00e0 la fin du mois de juillet. (\u00a9Document remis \u00e0 actu Lyon)<\/p>\n<p class=\" wall-content\">Apr\u00e8s cette mauvaise surprise, elle a donc directement demand\u00e9 des <strong>explications<\/strong>. \u00ab\u2009Je voulais plus de d\u00e9tails, alors j\u2019ai contact\u00e9 le syndic pour savoir si c\u2019\u00e9tait logique et engag\u00e9 des d\u00e9marches pour des indemnit\u00e9s. Mais rien n\u2019a chang\u00e9, on nous a dit qu\u2019on ne pouvait pas pr\u00e9sager des temp\u00e9ratures. Franchement, je ne comprends pas pourquoi faire \u00e7a en juillet\u2009\u00bb, souffle-t-elle.<\/p>\n<p>Trois semaines d\u2019attente<\/p>\n<p class=\" wall-content\">Ses persiennes \u00e9tant d\u00e9sormais retir\u00e9es, Marie craint le pire. Si les fortes chaleurs ne sont pas cens\u00e9es revenir de sit\u00f4t dans le Lyonnais, ses nouveaux volets ne seront livr\u00e9s qu\u2019aux environs du 28\u00a0juillet, soit presque trois semaines d\u2019attente.<\/p>\n<blockquote class=\"ac-article-quote wall-content\">\n<p>Il y a le temps pour que la canicule revienne et, \u00e0 tout moment, ils les installeront plus tard encore. \u00c7a inqui\u00e8te tous les voisins.<\/p>\n<p>    <strong>Marie<\/strong><br \/>\n        Habitante d&rsquo;un immeuble \u00e0 Caluire-et-Cuire    <\/p><\/blockquote>\n<p class=\" wall-content\">D\u2019autant que Marie et son nourrisson de deux mois se souviennent tr\u00e8s bien de la derni\u00e8re vague de chaleurs. \u00ab\u2009On a eu<strong> jusqu\u2019\u00e0 29 degr\u00e9s<\/strong> avec les volets et mon b\u00e9b\u00e9 en a gravement souffert. C\u2019est inqui\u00e9tant. Voil\u00e0 que maintenant on vous enl\u00e8ve la seule chose qui vous permettait d\u2019avoir des temp\u00e9ratures abordables, c\u2019est aberrant\u2009\u00bb, gronde cette derni\u00e8re.<\/p>\n<p>\u00ab\u00a0Les calendriers d\u2019intervention ne d\u00e9pendent pas de Foncia\u00a0\u00bb<\/p>\n<p>Sollicit\u00e9 par actu Lyon, Foncia affirme avoir \u00ab\u00a0pris en consid\u00e9ration les d\u00e9sagr\u00e9ments engendr\u00e9s pour les r\u00e9sidents en ces p\u00e9riodes de fortes chaleurs. Toutefois, il est important de rappeler aussi que les calendriers d\u2019intervention des entreprises de travaux ne d\u00e9pendent pas de Foncia\u00a0\u00bb.\u00a0<\/p>\n<p>Et le syndic de poursuivre : \u00ab\u00a0Un calendrier des travaux a \u00e9t\u00e9 programm\u00e9 avec un retrait des persiennes pr\u00e9vu pour la semaine du 7 juillet pour une dur\u00e9e de cinq semaines. Toutefois, ce d\u00e9lai initial a \u00e9t\u00e9 r\u00e9duit \u00e0 seulement trois semaines et mes volets seront remis en places aux alentours du 28 juillet.\u00a0\u00bb<\/p>\n<p>En tout cas, Foncia assure ne pas \u00eatre en \u00ab\u00a0mesure de contr\u00f4ler le calendrier d\u2019intervention des diff\u00e9rentes entreprises et est soumis \u00e0 leurs d\u00e9lais. Les \u00e9quipes se sont donc charg\u00e9es de sensibiliser l\u2019entreprise sur la n\u00e9cessit\u00e9 de limiter les d\u00e9lais tout en informant les r\u00e9sidents des solutions d\u2019occultation et d\u2019isolation d\u2019appoint en attendant la repose des persiennes\u00a0\u00bb.<\/p>\n<p>Voir tout\u00ab\u2009Si on avait \u00e9t\u00e9 inform\u00e9 il y a trois mois, on aurait cherch\u00e9 \u00e0 d\u00e9m\u00e9nager\u2009\u00bb<\/p>\n<p class=\" wall-content\">Alors qu\u2019aucune compensation ne lui a \u00e9t\u00e9 fournie, Marie a d\u00e9cid\u00e9 de poser des tringles pour \u00ab\u2009limiter la casse\u2009\u00bb. Si la luminosit\u00e9 ne la d\u00e9range pas, elle regrette que \u00ab\u2009la journ\u00e9e les travaux fassent beaucoup de bruit\u2009\u00bb. Sans parler de la <strong>chaleur<\/strong>. \u00ab\u2009C\u2019est une fournaise avec l\u2019\u00e9chafaudage install\u00e9 pile devant o\u00f9 l\u2019air ne passe pas\u2009\u00bb, poursuit-elle.<\/p>\n<p class=\" wall-content\">Seulement, Marie et ses voisins ne sont pas encore au bout de leurs peines. En effet, au mois de septembre, ce sera au tour des volets de la face sud d\u2019\u00eatre remplac\u00e9s. Et la maman de conclure\u2009: \u00ab\u00a0Les travaux sont cens\u00e9s durer un an et le fait qu\u2019on me demande de payer mon loyer comme si de rien \u00e9tait, ce n\u2019est pas normal. \u00ab\u00a0Si on avait \u00e9t\u00e9 inform\u00e9 il y a trois mois, il est clair qu\u2019on aurait cherch\u00e9 \u00e0 <strong>d\u00e9m\u00e9nager<\/strong>.\u00a0\u00bb<\/p>\n<p><strong>* Nom d\u2019emprunt pour respecter l\u2019anonymat<\/strong><\/p>\n<p class=\" wall-content\">Suivez toute l\u2019actualit\u00e9 de vos villes et m\u00e9dias favoris en vous inscrivant \u00e0 <a href=\"https:\/\/moncompte.actu.fr\" title=\"D\u00e9couvez Mon Actu\" rel=\"nofollow noopener\" data-trk=\"{&quot;cta&quot;:{&quot;action&quot;:&quot;https:\\\/\\\/moncompte.actu.fr&quot;,&quot;category&quot;:&quot;mon compte&quot;,&quot;from&quot;:&quot;article footer&quot;,&quot;name&quot;:&quot;Mon actu&quot;,&quot;type&quot;:&quot;cta&quot;}}\" target=\"_blank\">Mon Actu<\/a>.<\/p>\n","protected":false},"excerpt":{"rendered":"Par Julien Sournies Publi\u00e9 le 12 juil. 2025 \u00e0 6h10 L\u2019incompr\u00e9hension est totale pour une bonne partie des&hellip;\n","protected":false},"author":2,"featured_media":244073,"comment_status":"","ping_status":"","sticky":false,"template":"","format":"standard","meta":{"footnotes":""},"categories":[1889],"tags":[1111,11,2430,6698,1777,674,1011,27,2428,12,25,104,2086],"class_list":{"0":"post-244072","1":"post","2":"type-post","3":"status-publish","4":"format-standard","5":"has-post-thumbnail","7":"category-lyon","8":"tag-actu","9":"tag-actualites","10":"tag-auvergne-rhone-alpes","11":"tag-canicule","12":"tag-eu","13":"tag-europe","14":"tag-fr","15":"tag-france","16":"tag-lyon","17":"tag-news","18":"tag-republique-francaise","19":"tag-societe","20":"tag-travaux"},"share_on_mastodon":{"url":"https:\/\/pubeurope.com\/@fr\/114838335892591032","error":""},"_links":{"self":[{"href":"https:\/\/www.europesays.com\/fr\/wp-json\/wp\/v2\/posts\/244072","targetHints":{"allow":["GET"]}}],"collection":[{"href":"https:\/\/www.europesays.com\/fr\/wp-json\/wp\/v2\/posts"}],"about":[{"href":"https:\/\/www.europesays.com\/fr\/wp-json\/wp\/v2\/types\/post"}],"author":[{"embeddable":true,"href":"https:\/\/www.europesays.com\/fr\/wp-json\/wp\/v2\/users\/2"}],"replies":[{"embeddable":true,"href":"https:\/\/www.europesays.com\/fr\/wp-json\/wp\/v2\/comments?post=244072"}],"version-history":[{"count":0,"href":"https:\/\/www.europesays.com\/fr\/wp-json\/wp\/v2\/posts\/244072\/revisions"}],"wp:featuredmedia":[{"embeddable":true,"href":"https:\/\/www.europesays.com\/fr\/wp-json\/wp\/v2\/media\/244073"}],"wp:attachment":[{"href":"https:\/\/www.europesays.com\/fr\/wp-json\/wp\/v2\/media?parent=244072"}],"wp:term":[{"taxonomy":"category","embeddable":true,"href":"https:\/\/www.europesays.com\/fr\/wp-json\/wp\/v2\/categories?post=244072"},{"taxonomy":"post_tag","embeddable":true,"href":"https:\/\/www.europesays.com\/fr\/wp-json\/wp\/v2\/tags?post=244072"}],"curies":[{"name":"wp","href":"https:\/\/api.w.org\/{rel}","templated":true}]}}