{"id":244078,"date":"2025-07-12T04:21:09","date_gmt":"2025-07-12T04:21:09","guid":{"rendered":"https:\/\/www.europesays.com\/fr\/244078\/"},"modified":"2025-07-12T04:21:09","modified_gmt":"2025-07-12T04:21:09","slug":"ils-tentent-dempecher-la-construction-dun-immeuble-de-logements-sociaux-autorise-par-anne-hidalgo","status":"publish","type":"post","link":"https:\/\/www.europesays.com\/fr\/244078\/","title":{"rendered":"ils tentent d&#8217;emp\u00eacher la construction d&rsquo;un immeuble de logements sociaux autoris\u00e9 par Anne Hidalgo"},"content":{"rendered":"<p>            Par<br \/>\n        <strong><br \/>\n            <a href=\"https:\/\/actu.fr\/auteur\/redaction-paris\" title=\"Consulter tous les articles de R\u00e9daction Paris\" target=\"_blank\" rel=\"noopener\">R\u00e9daction Paris<\/a><br \/>\n        <\/strong><\/p>\n<p>        Publi\u00e9 le<\/p>\n<p>            12 juil. 2025 \u00e0 6h14        <\/p>\n<p>Un couple se bat depuis plusieurs ann\u00e9es pour faire annuler le permis de construire octroy\u00e9 en octobre 2023 par la maire (PS) de Paris, <a href=\"https:\/\/actu.fr\/tag\/anne-hidalgo\" target=\"_blank\" rel=\"noopener\">Anne Hidalgo<\/a>, \u00e0 la R\u00e9gie immobili\u00e8re de la ville de Paris (RIVP), pour construire un immeuble de huit \u00e9tages \u00e0 l\u2019angle du quai de la Rap\u00e9e et de la rue Traversi\u00e8re (12e). <br \/>Le <a href=\"https:\/\/actu.fr\/tag\/tribunal-administratif-de-paris\" target=\"_blank\" rel=\"noopener\">tribunal administratif<\/a> avait d\u00e9j\u00e0 annul\u00e9 en 2021 un pr\u00e9c\u00e9dent permis de construire accord\u00e9 par Anne Hidalgo \u00e0 la RIVP en 2019. La R\u00e9gie avait donc d\u00e9pos\u00e9 une nouvelle demande \u00ab\u00a0sur la base d\u2019un projet modifi\u00e9\u00a0\u00bb, relatent les juges dans une d\u00e9cision en date du 15 avril 2025 qui vient d\u2019\u00eatre rendue publique. L\u2019immeuble avait en particulier \u00e9t\u00e9 revu pour \u00ab\u00a0augmenter les dimensions du puits du lumi\u00e8re\u00a0\u00bb et \u00ab\u00a0cr\u00e9er un retrait pour les \u00e9tages sup\u00e9rieurs\u00a0\u00bb, alors que les requ\u00e9rants habitent justement au 5e et 6e \u00e9tage de l\u2019immeuble voisin. Sans que cela ne convienne au couple.\u00a0<\/p>\n<p>Ils d\u00e9noncent un permis de construire \u00ab\u00a0ill\u00e9gal\u00a0\u00bb<\/p>\n<p class=\" wall-content\">Les int\u00e9ress\u00e9s maintenaient que ce second permis de construire \u00e9tait ill\u00e9gal notamment en raison de \u00ab\u00a0l\u2019absence d\u2019avis\u00a0\u00bb de l\u2019architecte des B\u00e2timents de France (ABF) malgr\u00e9 la proximit\u00e9 de la <a href=\"https:\/\/actu.fr\/tag\/gare-d-austerlitz-2\" target=\"_blank\" rel=\"noopener\">gare et du viaduc d\u2019Austerlitz<\/a>, class\u00e9s aux Monuments historiques. Ils invoquaient aussi plusieurs entorses aux r\u00e8gles d\u2019<a href=\"https:\/\/actu.fr\/tag\/urbanisme\" target=\"_blank\" rel=\"noopener\">urbanisme<\/a> applicables \u00e0 la capitale.<\/p>\n<p class=\" wall-content\">\u00ab\u00a0Le caract\u00e8re tr\u00e8s contemporain du projet, trait\u00e9 comme un monolithe, avec pour objectif que l\u2019immeuble serve de rep\u00e8re, dans un quartier marqu\u00e9 par l\u2019h\u00e9t\u00e9rog\u00e9n\u00e9it\u00e9 des architectures avoisinantes et (\u2026) la volont\u00e9 de maintenir une hauteur similaire \u00e0 celle des b\u00e2timents du quai de la Rap\u00e9e justifient le choix du gabarit-enveloppe\u00a0\u00bb, r\u00e9pondent les juges.<\/p>\n<p class=\" wall-content\">\u00ab\u00a0Eu \u00e9gard \u00e0 la position du projet \u00e0 l\u2019angle entre un immeuble d\u2019aspect contemporain quai de la Rap\u00e9e et un immeuble en pierre de taille rue de la Traversi\u00e8re, le choix d\u2019une fa\u00e7ade avec un bardage en bois de ch\u00e2taigner, mat\u00e9riau traditionnel de qualit\u00e9, et de mod\u00e9natures [moulures, ndlr] discr\u00e8tes en aluminium, proches de celles du b\u00e2timent du quai de la Rap\u00e9e, respecte les exigences de transition volum\u00e9trique et architecturale\u00a0\u00bb, d\u00e9roule encore l tribunal administratif de Paris.<\/p>\n<p>Le tribunal administratif de Paris pas convaincu par les arguments du couple<\/p>\n<p class=\" wall-content\">Les requ\u00e9rants se plaignaient aussi que les fa\u00e7ades du rez-de-chauss\u00e9e de l\u2019immeuble de la RIVP soient \u00ab\u00a0une alternance de murs en b\u00e9ton et de portes pleines\u00a0\u00bb. Mais elle comporte en r\u00e9alit\u00e9 \u00ab\u00a0cinq baies destin\u00e9es au commerce\u00a0\u00bb qui y sera implant\u00e9, corrigent les juges.<\/p>\n<p>    <a href=\"https:\/\/email.publihebdos.com\/form?lid=Mqc7o19yVDtMEo2FE8aUtw2\" title=\"Ouvrie le lien\" target=\"_blank\" rel=\"noopener\">Cliquez ici pour visualiser le contenu<\/a><\/p>\n<p class=\" wall-content\">\u00ab\u00a0Si M. et Mme X.\u00a0 soutiennent qu\u2019il n\u2019existe aucun emplacement v\u00e9lo pour desservir le commerce (\u2026), le projet comporte un local v\u00e9lo dont l\u2019acc\u00e8s pourra \u00eatre partag\u00e9 entre les habitants et les usagers du local\u00a0\u00bb, rel\u00e8vent-ils encore.<\/p>\n<p class=\" wall-content\">Au vu de \u00ab\u00a0l\u2019offre de places de stationnement temporaire abondante dans le secteur\u00a0\u00bb, cet argument n\u2019a donc pas non plus retenu leur attention. Les riverains ont donc \u00e9t\u00e9 d\u00e9bout\u00e9s et condamn\u00e9s \u00e0 verser 2 000 euros de frais de justice \u00e0 la RIVP.<\/p>\n<p class=\" wall-content\"><strong>ED et GF-PressPepper<\/strong><\/p>\n<p class=\" wall-content\">Suivez toute l\u2019actualit\u00e9 de vos villes et m\u00e9dias favoris en vous inscrivant \u00e0 <a href=\"https:\/\/moncompte.actu.fr\" title=\"D\u00e9couvez Mon Actu\" rel=\"nofollow noopener\" data-trk=\"{&quot;cta&quot;:{&quot;action&quot;:&quot;https:\\\/\\\/moncompte.actu.fr&quot;,&quot;category&quot;:&quot;mon compte&quot;,&quot;from&quot;:&quot;article footer&quot;,&quot;name&quot;:&quot;Mon actu&quot;,&quot;type&quot;:&quot;cta&quot;}}\" target=\"_blank\">Mon Actu<\/a>.<\/p>\n","protected":false},"excerpt":{"rendered":"Par R\u00e9daction Paris Publi\u00e9 le 12 juil. 2025 \u00e0 6h14 Un couple se bat depuis plusieurs ann\u00e9es pour&hellip;\n","protected":false},"author":2,"featured_media":244079,"comment_status":"","ping_status":"","sticky":false,"template":"","format":"standard","meta":{"footnotes":""},"categories":[1888],"tags":[1111,1928,11,1927,2618,1777,674,1011,27,6459,12,1926,626,1925,25,104,22321],"class_list":{"0":"post-244078","1":"post","2":"type-post","3":"status-publish","4":"format-standard","5":"has-post-thumbnail","7":"category-paris","8":"tag-actu","9":"tag-actu-paris","10":"tag-actualites","11":"tag-actualites-paris","12":"tag-anne-hidalgo","13":"tag-eu","14":"tag-europe","15":"tag-fr","16":"tag-france","17":"tag-logements-sociaux","18":"tag-news","19":"tag-news-paris","20":"tag-paris","21":"tag-paris-news","22":"tag-republique-francaise","23":"tag-societe","24":"tag-tribunal-administratif-de-paris"},"share_on_mastodon":{"url":"https:\/\/pubeurope.com\/@fr\/114838351597305332","error":""},"_links":{"self":[{"href":"https:\/\/www.europesays.com\/fr\/wp-json\/wp\/v2\/posts\/244078","targetHints":{"allow":["GET"]}}],"collection":[{"href":"https:\/\/www.europesays.com\/fr\/wp-json\/wp\/v2\/posts"}],"about":[{"href":"https:\/\/www.europesays.com\/fr\/wp-json\/wp\/v2\/types\/post"}],"author":[{"embeddable":true,"href":"https:\/\/www.europesays.com\/fr\/wp-json\/wp\/v2\/users\/2"}],"replies":[{"embeddable":true,"href":"https:\/\/www.europesays.com\/fr\/wp-json\/wp\/v2\/comments?post=244078"}],"version-history":[{"count":0,"href":"https:\/\/www.europesays.com\/fr\/wp-json\/wp\/v2\/posts\/244078\/revisions"}],"wp:featuredmedia":[{"embeddable":true,"href":"https:\/\/www.europesays.com\/fr\/wp-json\/wp\/v2\/media\/244079"}],"wp:attachment":[{"href":"https:\/\/www.europesays.com\/fr\/wp-json\/wp\/v2\/media?parent=244078"}],"wp:term":[{"taxonomy":"category","embeddable":true,"href":"https:\/\/www.europesays.com\/fr\/wp-json\/wp\/v2\/categories?post=244078"},{"taxonomy":"post_tag","embeddable":true,"href":"https:\/\/www.europesays.com\/fr\/wp-json\/wp\/v2\/tags?post=244078"}],"curies":[{"name":"wp","href":"https:\/\/api.w.org\/{rel}","templated":true}]}}