{"id":244080,"date":"2025-07-12T04:22:10","date_gmt":"2025-07-12T04:22:10","guid":{"rendered":"https:\/\/www.europesays.com\/fr\/244080\/"},"modified":"2025-07-12T04:22:10","modified_gmt":"2025-07-12T04:22:10","slug":"a-paris-les-ailes-du-moulin-rouge-tournent-de-nouveau","status":"publish","type":"post","link":"https:\/\/www.europesays.com\/fr\/244080\/","title":{"rendered":"\u00c0 Paris, les ailes du Moulin Rouge tournent de nouveau"},"content":{"rendered":"<p>Par\u00e9es de leurs illuminations or et rouge, les ailes du cabaret, \u00e0 l\u2019arr\u00eat depuis leur chute en avril 2024, tournent de nouveau depuis ce jeudi 10 juillet \u00e0 22h45.<\/p>\n<p class=\"fig-paragraph\">Quatorze mois apr\u00e8s\u00a0<a href=\"http:\/\/www.lefigaro.fr\/culture\/patrimoine\/les-ailes-du-moulin-rouge-a-paris-se-sont-effondrees-pendant-la-nuit-20240425\" target=\"_blank\" data-fig-type=\"NewsFlash\" rel=\"noopener\" data-gtm-custom-categorie=\"navigation\" data-gtm-custom-action=\"crossclick\" data-gtm-custom-label=\"Contextuel\" data-gtm-event=\"customEventSPE\" data-fig-domain=\"LEFIGARO\">leur chute accidentelle<\/a>, les ailes du Moulin Rouge, l\u2019un des symboles touristiques de Paris dans le monde entier, ont recommenc\u00e9 \u00e0 tourner jeudi soir dans le ciel de la capitale fran\u00e7aise. Peu avant 23h00, ces d\u00e9corations, d\u2019un diam\u00e8tre de plus de douze m\u00e8tres, se sont anim\u00e9es gr\u00e2ce \u00e0 la mise en marche d\u2019un moteur \u00e9lectrique flambant neuf et r\u00e9alis\u00e9 sur mesure. Pour l\u2019occasion, la troupe du Moulin Rouge s\u2019est produite devant l\u2019\u00e9tablissement, dans une profusion de plumes rouges virevoltantes symbolisant le r\u00e9veil des ailes. \u00abToute la troupe est tr\u00e8s heureuse de retrouver nos ailes, qui sont les ailes de Paris\u00bb, a confi\u00e9 \u00e0 l\u2019AFP Cyrielle, l\u2019une des 60 danseuses du cabaret parisien.<\/p>\n<p class=\"fig-paragraph\">Plusieurs centaines de badauds sont venus assister \u00e0 cette renaissance, interrompant la circulation sur ce boulevard tr\u00e8s fr\u00e9quent\u00e9 du nord de Paris. Sur le toit de l\u2019\u00e9tablissement, des danseurs ont c\u00e9l\u00e9br\u00e9 ce red\u00e9marrage avec des feux d\u2019artifice \u00e0 la main. \u00abJ\u2019adore le cabaret, le music-hall. C\u2019est un moment super sympa, presque \u00e9mouvant\u00bb, s\u2019est r\u00e9joui St\u00e9phane, 46 ans, qui ne voulait pas manquer l\u2019\u00e9v\u00e9nement.<\/p>\n<p>                                    <a class=\"fig-a11y-skip a11y-hidden\" href=\"#fig-a11y-skip-main-inarticle\"><br \/>\n        Passer la publicit\u00e9<br \/>\n    <\/a><\/p>\n<p class=\"fig-paragraph\">Le 25 avril 2024, le cabaret immortalis\u00e9 par le peintre Toulouse-Lautrec au XIXe si\u00e8cle et par le film de Baz Luhrmann avec Nicole Kidman (2001), s\u2019\u00e9tait r\u00e9veill\u00e9 sans ses ailes. Elles \u00e9taient tomb\u00e9es dans la nuit sans faire de bless\u00e9s, en raison d\u2019une d\u00e9faillance au niveau de l\u2019axe central,\u00a0<a href=\"http:\/\/www.lefigaro.fr\/actualite-france\/c-est-un-symbole-qui-tombe-emotion-des-riverains-apres-la-chute-des-ailes-du-moulin-rouge-a-paris-20240425\" target=\"_blank\" data-fig-type=\"Article\" rel=\"noopener\" data-gtm-custom-categorie=\"navigation\" data-gtm-custom-action=\"crossclick\" data-gtm-custom-label=\"Contextuel\" data-gtm-event=\"customEventSPE\" data-fig-domain=\"LEFIGARO\">cr\u00e9ant la stupeur parmi les habitants du quartier et au-del\u00e0<\/a>. Dans leur chute, elles avaient entra\u00een\u00e9 les trois premi\u00e8res lettres du nom du lieu accroch\u00e9es sur sa fa\u00e7ade dans le 18e arrondissement de Paris, au pied de la Butte Montmartre.<\/p>\n<p class=\"fig-paragraph\">\u00ab\u00a0Le Moulin Rouge a \u00e9t\u00e9 tr\u00e8s \u00e9mu par tous les messages de soutien et de bienveillance du monde entier re\u00e7us \u00e0 la suite de l&rsquo;\u00e9v\u00e9nement survenu cette nuit-l\u00e0\u00a0\u00bb, avait indiqu\u00e9 la direction du cabaret. Rest\u00e9 ouvert depuis l&rsquo;accident, il est particuli\u00e8rement renomm\u00e9 pour son French Cancan, la danse traditionnelle endiabl\u00e9e des op\u00e9rettes d&rsquo;Offenbach du d\u00e9but du XIXe si\u00e8cle.<\/p>\n<p>Une tradition de plus de 135 ans<\/p>\n<p class=\"fig-paragraph\">Le 5 juillet 2024, une semaine avant le passage de la flamme olympique, le Moulin Rouge avait\u00a0<a href=\"http:\/\/www.lefigaro.fr\/culture\/le-moulin-rouge-a-recu-ses-nouvelles-ailes-20240624\" target=\"_blank\" data-fig-type=\"Article\" rel=\"noopener\" data-gtm-custom-categorie=\"navigation\" data-gtm-custom-action=\"crossclick\" data-gtm-custom-label=\"Contextuel\" data-gtm-event=\"customEventSPE\" data-fig-domain=\"LEFIGARO\">inaugur\u00e9 quatre nouvelles ailes,<\/a>\u00a0m\u00e9lange d&rsquo;aluminium et d&rsquo;acier, mais le nouveau moteur n\u00e9cessaire \u00e0 leur rotation n&rsquo;avait pas \u00e9t\u00e9 pr\u00eat \u00e0 temps. \u00ab\u00a0Le Moulin sans ses ailes, c&rsquo;\u00e9tait juste triste&#8230; On a mis tout en \u0153uvre pour les remettre en place. L&rsquo;id\u00e9e \u00e9tait d&rsquo;\u00eatre au rendez-vous des Jeux olympiques\u00a0\u00bb, a expliqu\u00e9 \u00e0 l&rsquo;AFP son directeur g\u00e9n\u00e9ral Jean-Victor Cl\u00e9rico, \u00e0 la t\u00eate de l&rsquo;\u00e9tablissement qui attire chaque ann\u00e9e 600\u00a0000 visiteurs.<\/p>\n<p class=\"fig-body-link\">\n            \u00c0 lire aussi<br \/>\n        <a class=\"fig-body-link__link fig-premium-mark\" href=\"http:\/\/www.lefigaro.fr\/culture\/patrimoine\/dans-les-coulisses-des-ateliers-d-artisanat-du-moulin-rouge-20250404\" target=\"_blank\" data-fig-type=\"Article\" rel=\"noopener\" data-gtm-custom-categorie=\"navigation\" data-gtm-custom-action=\"crossclick\" data-gtm-custom-label=\"Contextuel\" data-gtm-event=\"customEventSPE\" data-fig-domain=\"LEFIGARO\">Dans les coulisses des ateliers d\u2019artisanat du Moulin Rouge<br \/>\n    <\/a>\n<\/p>\n<p class=\"fig-paragraph\">Illumin\u00e9es par des centaines d&rsquo;ampoules rouge et or, d\u00e9sormais des LED basse \u00e9nergie, les ailes du Moulin Rouge ont tourn\u00e9 pour la premi\u00e8re fois le 6 octobre 1889, \u00e0 l&rsquo;ouverture du cabaret. Avec ses 90 artistes de 18 nationalit\u00e9s, le cabaret \u00e0 plumes propose deux repr\u00e9sentations 365 soirs par an, dans un tourbillon de strass et de paillettes, r\u00e9unissant au total 1\u00a0700 spectateurs, dont la moiti\u00e9 d&rsquo;\u00e9trangers.<\/p>\n<p class=\"fig-paragraph\">Sur sc\u00e8ne, la troupe &#8211; dont les embl\u00e9matiques \u00ab\u00a0Doriss Girls\u00a0\u00bb, du nom de la chor\u00e9graphe du Moulin Doris Haug &#8211; pr\u00e9sente \u00e0 21h et 23h30 la revue \u00ab\u00a0F\u00e9erie\u00a0\u00bb, hommage au cirque et \u00e0 la Ville Lumi\u00e8re de 1900 \u00e0 nos jours, avant l&rsquo;incontournable French Cancan. Dans la m\u00eame famille depuis quatre g\u00e9n\u00e9rations, le Moulin Rouge a cr\u00e9\u00e9 l&rsquo;an dernier dans ses murs une \u00ab\u00a0cit\u00e9 des m\u00e9tiers d&rsquo;art\u00a0\u00bb regroupant les derniers ateliers fran\u00e7ais de plumasserie et de broderie, labellis\u00e9es entreprises du Patrimoine vivant.<\/p>\n","protected":false},"excerpt":{"rendered":"Par\u00e9es de leurs illuminations or et rouge, les ailes du cabaret, \u00e0 l\u2019arr\u00eat depuis leur chute en avril&hellip;\n","protected":false},"author":2,"featured_media":244081,"comment_status":"","ping_status":"","sticky":false,"template":"","format":"standard","meta":{"footnotes":""},"categories":[1888],"tags":[1111,1928,11,1927,1777,674,1011,27,38389,12,1926,626,1925,25],"class_list":{"0":"post-244080","1":"post","2":"type-post","3":"status-publish","4":"format-standard","5":"has-post-thumbnail","7":"category-paris","8":"tag-actu","9":"tag-actu-paris","10":"tag-actualites","11":"tag-actualites-paris","12":"tag-eu","13":"tag-europe","14":"tag-fr","15":"tag-france","16":"tag-moulin-rouge","17":"tag-news","18":"tag-news-paris","19":"tag-paris","20":"tag-paris-news","21":"tag-republique-francaise"},"share_on_mastodon":{"url":"https:\/\/pubeurope.com\/@fr\/114838355547926640","error":""},"_links":{"self":[{"href":"https:\/\/www.europesays.com\/fr\/wp-json\/wp\/v2\/posts\/244080","targetHints":{"allow":["GET"]}}],"collection":[{"href":"https:\/\/www.europesays.com\/fr\/wp-json\/wp\/v2\/posts"}],"about":[{"href":"https:\/\/www.europesays.com\/fr\/wp-json\/wp\/v2\/types\/post"}],"author":[{"embeddable":true,"href":"https:\/\/www.europesays.com\/fr\/wp-json\/wp\/v2\/users\/2"}],"replies":[{"embeddable":true,"href":"https:\/\/www.europesays.com\/fr\/wp-json\/wp\/v2\/comments?post=244080"}],"version-history":[{"count":0,"href":"https:\/\/www.europesays.com\/fr\/wp-json\/wp\/v2\/posts\/244080\/revisions"}],"wp:featuredmedia":[{"embeddable":true,"href":"https:\/\/www.europesays.com\/fr\/wp-json\/wp\/v2\/media\/244081"}],"wp:attachment":[{"href":"https:\/\/www.europesays.com\/fr\/wp-json\/wp\/v2\/media?parent=244080"}],"wp:term":[{"taxonomy":"category","embeddable":true,"href":"https:\/\/www.europesays.com\/fr\/wp-json\/wp\/v2\/categories?post=244080"},{"taxonomy":"post_tag","embeddable":true,"href":"https:\/\/www.europesays.com\/fr\/wp-json\/wp\/v2\/tags?post=244080"}],"curies":[{"name":"wp","href":"https:\/\/api.w.org\/{rel}","templated":true}]}}