{"id":244082,"date":"2025-07-12T04:23:17","date_gmt":"2025-07-12T04:23:17","guid":{"rendered":"https:\/\/www.europesays.com\/fr\/244082\/"},"modified":"2025-07-12T04:23:17","modified_gmt":"2025-07-12T04:23:17","slug":"drag-race-all-stars-en-seine-saint-denis-une-communaute-lgbtqi-en-soutien-de-soa-de-muse","status":"publish","type":"post","link":"https:\/\/www.europesays.com\/fr\/244082\/","title":{"rendered":"\u00ab\u00a0Drag Race All Stars\u00a0\u00bb : en Seine-Saint-Denis, une communaut\u00e9 LGBTQI+ en soutien de Soa de Muse"},"content":{"rendered":"<p class=\"paragraph text_align_left lp-f-body-02\">Le premier \u00e9tage d\u2019Au pavillon, un bar \u00e0 la devanture rouge du c\u0153ur de Saint-Denis, se remplit avant la diffusion du premier \u00e9pisode de la quatri\u00e8me saison de <a href=\"https:\/\/www.leparisien.fr\/culture-loisirs\/tv\/les-critiques-cetait-de-la-feminite-et-du-poil-avant-drag-race-france-piche-revient-sur-louverture-des-jo-10-07-2025-E6E6Y5BSJZATDHL62LRZZWVJ5M.php\" target=\"_self\" rel=\"nofollow noopener\">\u00ab Drag Race France \u00bb<\/a>, ce jeudi 10 juillet. La retransmission de cette \u00e9mission de t\u00e9l\u00e9r\u00e9alit\u00e9 de drag-queens, qui a r\u00e9uni plus de 3,5 millions de t\u00e9l\u00e9spectateurs les ann\u00e9es pr\u00e9c\u00e9dentes, est organis\u00e9e par l\u2019association Saint-Denis LGBTQI+.<\/p>\n<p class=\"paragraph text_align_left lp-f-body-02\">Active depuis 2021, celle-ci multiplie les \u00e9v\u00e9nements pour permettre aux Dionysiens \u00ab d\u2019avoir acc\u00e8s \u00e0 la culture queer \u00bb. Pour Eva Lekic, cette viewing party est l\u2019occasion de visibiliser et de f\u00e9d\u00e9rer la communaut\u00e9 de Seine-Saint-Denis, repr\u00e9sent\u00e9e ce soir-l\u00e0 \u00e0 l\u2019\u00e9cran par <a href=\"https:\/\/www.leparisien.fr\/seine-saint-denis-93\/je-suis-vraiment-nee-a-15-ans-soa-de-muse-lenfant-de-seine-saint-denis-creve-lecran-dans-drag-race-france-10-08-2022-VPQUAHKE7NDF3MQ3DLVA57K5JQ.php\" target=\"_self\" rel=\"nofollow noopener\">Soa de Muse, candidate originaire d\u2019Aulnay-sous-Bois<\/a>. \u00ab Faire la f\u00eate ensemble, c\u2019est vivre ensemble \u00bb, sourit la copr\u00e9sidente de Saint-Denis LGBTQI+.<\/p>\n","protected":false},"excerpt":{"rendered":"Le premier \u00e9tage d\u2019Au pavillon, un bar \u00e0 la devanture rouge du c\u0153ur de Saint-Denis, se remplit avant&hellip;\n","protected":false},"author":2,"featured_media":244083,"comment_status":"","ping_status":"","sticky":false,"template":"","format":"standard","meta":{"footnotes":""},"categories":[1888],"tags":[11,872,1777,674,1011,27,1944,12,626,25,31941,1945],"class_list":{"0":"post-244082","1":"post","2":"type-post","3":"status-publish","4":"format-standard","5":"has-post-thumbnail","7":"category-paris","8":"tag-actualites","9":"tag-culture-et-loisirs","10":"tag-eu","11":"tag-europe","12":"tag-fr","13":"tag-france","14":"tag-ma-ville","15":"tag-news","16":"tag-paris","17":"tag-republique-francaise","18":"tag-saint-denis-93200","19":"tag-seine-saint-denis"},"share_on_mastodon":{"url":"https:\/\/pubeurope.com\/@fr\/114838359517588268","error":""},"_links":{"self":[{"href":"https:\/\/www.europesays.com\/fr\/wp-json\/wp\/v2\/posts\/244082","targetHints":{"allow":["GET"]}}],"collection":[{"href":"https:\/\/www.europesays.com\/fr\/wp-json\/wp\/v2\/posts"}],"about":[{"href":"https:\/\/www.europesays.com\/fr\/wp-json\/wp\/v2\/types\/post"}],"author":[{"embeddable":true,"href":"https:\/\/www.europesays.com\/fr\/wp-json\/wp\/v2\/users\/2"}],"replies":[{"embeddable":true,"href":"https:\/\/www.europesays.com\/fr\/wp-json\/wp\/v2\/comments?post=244082"}],"version-history":[{"count":0,"href":"https:\/\/www.europesays.com\/fr\/wp-json\/wp\/v2\/posts\/244082\/revisions"}],"wp:featuredmedia":[{"embeddable":true,"href":"https:\/\/www.europesays.com\/fr\/wp-json\/wp\/v2\/media\/244083"}],"wp:attachment":[{"href":"https:\/\/www.europesays.com\/fr\/wp-json\/wp\/v2\/media?parent=244082"}],"wp:term":[{"taxonomy":"category","embeddable":true,"href":"https:\/\/www.europesays.com\/fr\/wp-json\/wp\/v2\/categories?post=244082"},{"taxonomy":"post_tag","embeddable":true,"href":"https:\/\/www.europesays.com\/fr\/wp-json\/wp\/v2\/tags?post=244082"}],"curies":[{"name":"wp","href":"https:\/\/api.w.org\/{rel}","templated":true}]}}