{"id":244086,"date":"2025-07-12T04:25:13","date_gmt":"2025-07-12T04:25:13","guid":{"rendered":"https:\/\/www.europesays.com\/fr\/244086\/"},"modified":"2025-07-12T04:25:13","modified_gmt":"2025-07-12T04:25:13","slug":"la-russie-puissance-de-la-desinformation","status":"publish","type":"post","link":"https:\/\/www.europesays.com\/fr\/244086\/","title":{"rendered":"La Russie, puissance de la d\u00e9sinformation"},"content":{"rendered":"<p>Par Luc Bourrianne<\/p>\n<p>La France est d\u00e9sormais vue par la Russie comme son \u00ab\u00a0principal adversaire en Europe\u00a0\u00bb. La phrase l\u00e2ch\u00e9e par le g\u00e9n\u00e9ral Thierry Burkhard (chef d\u2019\u00c9tat-major des arm\u00e9es fran\u00e7aises) n\u2019est pas une surprise. L\u2019animosit\u00e9 croissante de Vladimir Poutine en atteste. En revanche, que <a target=\"_self\" href=\"https:\/\/www.lanouvellerepublique.fr\/a-la-une\/defile-du-14-juillet-demonstration-de-la-credibilite-des-armees-et-effort-face-a-la-menace-1752251148\" rel=\"nofollow noopener\">le plus haut responsable militaire du pays se fasse l\u2019\u00e9cho de cette menace<\/a>, r\u00e9v\u00e8le l\u2019imminence du danger et, peut-\u00eatre, certaines craintes sur nos moyens d\u2019y r\u00e9sister.<\/p>\n<p>Il n\u2019est pas ici question de capacit\u00e9s militaires, de missiles ou de porte-avions. Sur ce terrain-l\u00e0, fort heureusement, la France n\u2019est pas une proie facile pour Poutine. <a target=\"_self\" href=\"https:\/\/www.lanouvellerepublique.fr\/a-la-une\/la-russie-a-designe-la-france-comme-son-principal-adversaire-en-europe-affirme-le-chef-d-etat-major-francais-1752254566\" rel=\"nofollow noopener\">Qualifi\u00e9e de \u00ab\u00a0puissance de nuisance\u00a0\u00bb par Thierry Burkhard<\/a>, la Russie est en revanche capable de plonger en eaux profondes pour saboter nos infrastructures sous-marines ou de s\u2019\u00e9lever dans l\u2019espace pour g\u00eaner l\u2019usage de nos satellites. Dans les deux cas, elle s\u2019en prend \u00e0 nos moyens de communication. Et si cela ne suffit pas, la Russie peut compter sur sa sp\u00e9cialit\u00e9 la plus redoutable\u00a0: la d\u00e9sinformation.<\/p>\n<p>Pierre angulaire de la strat\u00e9gie russe de d\u00e9stabilisation des d\u00e9mocraties, l\u2019infox est un outil contre lequel les soci\u00e9t\u00e9s occidentales sont d\u00e9munies. Des ann\u00e9es de communautarismes num\u00e9riques ont d\u00e9tricot\u00e9 l\u2019esprit critique, la confiance dans des relais d\u2019informations s\u00fbrs et ind\u00e9pendants. En exprimant publiquement ses certitudes relatives \u00e0 l\u2019hostilit\u00e9 russe, le chef d\u2019\u00c9tat-major des arm\u00e9es fran\u00e7aises tente de <a target=\"_self\" href=\"https:\/\/www.lanouvellerepublique.fr\/a-la-une\/espionnage-et-operations-d-ingerence-sont-les-principales-menaces-russes-en-france-selon-la-patronne-de-la-securite-interieure-1741777292\" rel=\"nofollow noopener\">pr\u00e9venir les Fran\u00e7ais du p\u00e9ril<\/a> qui les guette. Sur le front de l\u2019information, la guerre a d\u00e9j\u00e0 commenc\u00e9.<\/p>\n","protected":false},"excerpt":{"rendered":"Par Luc Bourrianne La France est d\u00e9sormais vue par la Russie comme son \u00ab\u00a0principal adversaire en Europe\u00a0\u00bb. La&hellip;\n","protected":false},"author":2,"featured_media":106089,"comment_status":"","ping_status":"","sticky":false,"template":"","format":"standard","meta":{"footnotes":""},"categories":[1591],"tags":[328,11,1813,2518,1887,27,329,12,1885,1886,132],"class_list":{"0":"post-244086","1":"post","2":"type-post","3":"status-publish","4":"format-standard","5":"has-post-thumbnail","7":"category-russie","8":"tag-a-la-une","9":"tag-actualites","10":"tag-armee","11":"tag-edito","12":"tag-federation-de-russie","13":"tag-france","14":"tag-france-monde","15":"tag-news","16":"tag-russia","17":"tag-russian-federation","18":"tag-russie"},"share_on_mastodon":{"url":"https:\/\/pubeurope.com\/@fr\/114838367461626464","error":""},"_links":{"self":[{"href":"https:\/\/www.europesays.com\/fr\/wp-json\/wp\/v2\/posts\/244086","targetHints":{"allow":["GET"]}}],"collection":[{"href":"https:\/\/www.europesays.com\/fr\/wp-json\/wp\/v2\/posts"}],"about":[{"href":"https:\/\/www.europesays.com\/fr\/wp-json\/wp\/v2\/types\/post"}],"author":[{"embeddable":true,"href":"https:\/\/www.europesays.com\/fr\/wp-json\/wp\/v2\/users\/2"}],"replies":[{"embeddable":true,"href":"https:\/\/www.europesays.com\/fr\/wp-json\/wp\/v2\/comments?post=244086"}],"version-history":[{"count":0,"href":"https:\/\/www.europesays.com\/fr\/wp-json\/wp\/v2\/posts\/244086\/revisions"}],"wp:featuredmedia":[{"embeddable":true,"href":"https:\/\/www.europesays.com\/fr\/wp-json\/wp\/v2\/media\/106089"}],"wp:attachment":[{"href":"https:\/\/www.europesays.com\/fr\/wp-json\/wp\/v2\/media?parent=244086"}],"wp:term":[{"taxonomy":"category","embeddable":true,"href":"https:\/\/www.europesays.com\/fr\/wp-json\/wp\/v2\/categories?post=244086"},{"taxonomy":"post_tag","embeddable":true,"href":"https:\/\/www.europesays.com\/fr\/wp-json\/wp\/v2\/tags?post=244086"}],"curies":[{"name":"wp","href":"https:\/\/api.w.org\/{rel}","templated":true}]}}