{"id":244087,"date":"2025-07-12T04:26:10","date_gmt":"2025-07-12T04:26:10","guid":{"rendered":"https:\/\/www.europesays.com\/fr\/244087\/"},"modified":"2025-07-12T04:26:10","modified_gmt":"2025-07-12T04:26:10","slug":"trump-en-aurait-il-enfin-assez-de-poutine-liberation","status":"publish","type":"post","link":"https:\/\/www.europesays.com\/fr\/244087\/","title":{"rendered":"Trump en aurait-il (enfin) assez de Poutine\u00a0? \u2013 Lib\u00e9ration"},"content":{"rendered":"<p class=\"sc-ksZaOG ehjQrN text-element\">Quand Donald Trump est chafouin, l\u2019insulte n\u2019est jamais tr\u00e8s loin. Fin mai, apr\u00e8s une \u00e9ni\u00e8me attaque massive de la Russie contre l\u2019Ukraine, le pr\u00e9sident am\u00e9ricain accusait Vladimir Poutine <a href=\"https:\/\/www.liberation.fr\/international\/amerique\/guerre-en-ukraine-trump-estime-que-poutine-est-devenu-completement-fou-20250526_2O7C3SGOIFD7XM7DN356OEV6LI\/\" target=\"_blank\" rel=\"noopener\" title=\"https:\/\/www.liberation.fr\/international\/amerique\/guerre-en-ukraine-trump-estime-que-poutine-est-devenu-completement-fou-20250526_2O7C3SGOIFD7XM7DN356OEV6LI\/\">d\u2019\u00eatre devenu \u00abcompl\u00e8tement fou\u00bb<\/a>. Rebelote cette semaine : devant son cabinet, r\u00e9uni \u00e0 la Maison Blanche, Trump a accus\u00e9 mardi 8 juillet le ma\u00eetre du Kremlin de <a href=\"https:\/\/www.liberation.fr\/international\/amerique\/trump-accuse-poutine-de-dire-beaucoup-de-conneries-sur-lukraine-et-laisse-planer-le-doute-sur-de-nouvelles-sanctions-20250709_NPNWS7NQS5HAXN3FNFAFCVJA6U\/\" target=\"_blank\" rel=\"noopener\" title=\"https:\/\/www.liberation.fr\/international\/amerique\/trump-accuse-poutine-de-dire-beaucoup-de-conneries-sur-lukraine-et-laisse-planer-le-doute-sur-de-nouvelles-sanctions-20250709_NPNWS7NQS5HAXN3FNFAFCVJA6U\/\">dire \u00abbeaucoup de conneries\u00bb<\/a>. \u00abIl est tout le temps tr\u00e8s gentil mais cela ne veut rien dire\u00bb, a lanc\u00e9 le milliardaire, qui, apr\u00e8s des mois \u00e0 m\u00e9nager Poutine dans l\u2019espoir d\u2019un accord de paix, laisse d\u00e9sormais \u00e9clater sa frustration.<\/p>\n<p class=\"sc-ksZaOG ehjQrN text-element\">Mais au-del\u00e0 des mots, comment ce m\u00e9contentement pourrait-il se traduire ? Expe<\/p>\n","protected":false},"excerpt":{"rendered":"Quand Donald Trump est chafouin, l\u2019insulte n\u2019est jamais tr\u00e8s loin. Fin mai, apr\u00e8s une \u00e9ni\u00e8me attaque massive de&hellip;\n","protected":false},"author":2,"featured_media":244088,"comment_status":"","ping_status":"","sticky":false,"template":"","format":"standard","meta":{"footnotes":""},"categories":[1590],"tags":[11,75,73,1777,674,12,132,220,297,135],"class_list":{"0":"post-244087","1":"post","2":"type-post","3":"status-publish","4":"format-standard","5":"has-post-thumbnail","7":"category-ukraine","8":"tag-actualites","9":"tag-donald-trump","10":"tag-etats-unis","11":"tag-eu","12":"tag-europe","13":"tag-news","14":"tag-russie","15":"tag-ukraine","16":"tag-ukraine-la-crise","17":"tag-vladimir-poutine"},"share_on_mastodon":{"url":"https:\/\/pubeurope.com\/@fr\/114838371279362132","error":""},"_links":{"self":[{"href":"https:\/\/www.europesays.com\/fr\/wp-json\/wp\/v2\/posts\/244087","targetHints":{"allow":["GET"]}}],"collection":[{"href":"https:\/\/www.europesays.com\/fr\/wp-json\/wp\/v2\/posts"}],"about":[{"href":"https:\/\/www.europesays.com\/fr\/wp-json\/wp\/v2\/types\/post"}],"author":[{"embeddable":true,"href":"https:\/\/www.europesays.com\/fr\/wp-json\/wp\/v2\/users\/2"}],"replies":[{"embeddable":true,"href":"https:\/\/www.europesays.com\/fr\/wp-json\/wp\/v2\/comments?post=244087"}],"version-history":[{"count":0,"href":"https:\/\/www.europesays.com\/fr\/wp-json\/wp\/v2\/posts\/244087\/revisions"}],"wp:featuredmedia":[{"embeddable":true,"href":"https:\/\/www.europesays.com\/fr\/wp-json\/wp\/v2\/media\/244088"}],"wp:attachment":[{"href":"https:\/\/www.europesays.com\/fr\/wp-json\/wp\/v2\/media?parent=244087"}],"wp:term":[{"taxonomy":"category","embeddable":true,"href":"https:\/\/www.europesays.com\/fr\/wp-json\/wp\/v2\/categories?post=244087"},{"taxonomy":"post_tag","embeddable":true,"href":"https:\/\/www.europesays.com\/fr\/wp-json\/wp\/v2\/tags?post=244087"}],"curies":[{"name":"wp","href":"https:\/\/api.w.org\/{rel}","templated":true}]}}