{"id":244095,"date":"2025-07-12T04:30:25","date_gmt":"2025-07-12T04:30:25","guid":{"rendered":"https:\/\/www.europesays.com\/fr\/244095\/"},"modified":"2025-07-12T04:30:25","modified_gmt":"2025-07-12T04:30:25","slug":"le-regard-optimiste-du-patron-de-standard-chartered-lexpress","status":"publish","type":"post","link":"https:\/\/www.europesays.com\/fr\/244095\/","title":{"rendered":"le regard optimiste du patron de Standard Chartered \u2013 L&rsquo;Express"},"content":{"rendered":"<p class=\"paragraph article-body-paragraph article__item   article-body-paragraph--first \">En ce d\u00e9but d\u2019\u00e9t\u00e9, comme chaque ann\u00e9e, Bill Winters a fait un saut \u00e0 Paris pour rencontrer les \u00e9quipes locales de Standard Chartered et encha\u00eener les rendez-vous avec ses clients en France. \u00ab\u00a0The world is a mess, but the business is fine !\u00a0\u00bb, clame le directeur g\u00e9n\u00e9ral monde de l\u2019\u00e9tablissement : le monde est sens dessus dessous, mais les affaires tournent pour cette banque d\u2019affaires dont les origines remontent \u00e0 1853, du temps o\u00f9 elle accompagnait les \u00e9changes commerciaux au sein du vaste empire britannique.<\/p>\n<p class=\"paragraph article-body-paragraph article__item   \">Depuis, la maison a conserv\u00e9 son expertise asiatique, pris\u00e9e par les entreprises europ\u00e9ennes qui \u00ab\u00a0investissent massivement\u00a0\u00bb sur le continent, constate le patron am\u00e9ricain, bas\u00e9 \u00e0 Londres. Cet ancien banquier de JPMorgan se montre optimiste sur la capacit\u00e9 de l\u2019Europe \u00e0 sortir gagnante du tumulte mondial actuel. Le march\u00e9 fran\u00e7ais d\u00e9j\u00e0, se montre tr\u00e8s dynamique. Il va bient\u00f4t falloir pousser les murs du bureau parisien de la rue de Monceau, dont les effectifs ont doubl\u00e9 en trois ans.<\/p>\n<p class=\"paragraph article__item--bold article-body-paragraph article__item   \">L\u2019Express : Vous dirigez Standard Chartered depuis 2015. Comment avez-vous vu \u00e9voluer le commerce international depuis une d\u00e9cennie ?<\/p>\n<p class=\"paragraph article-body-paragraph article__item   \"><b>Bill Winters<\/b> <b>: <\/b>A mon arriv\u00e9e, l\u2019\u00e9quation commerciale \u00e9tait encore simple. C\u2019\u00e9tait juste avant que <a href=\"https:\/\/www.lexpress.fr\/monde\/amerique\/donald-trump-le-president-a-qui-tout-sourit-retour-sur-ses-succes-deja-engranges-en-cinq-mois-6P7Q7RYE2FADJKPRG6YZZKA2GM\/\" target=\"_self\" rel=\"nofollow noopener\" title=\"https:\/\/www.lexpress.fr\/monde\/amerique\/donald-trump-le-president-a-qui-tout-sourit-retour-sur-ses-succes-deja-engranges-en-cinq-mois-6P7Q7RYE2FADJKPRG6YZZKA2GM\/\">Donald Trump<\/a> entre \u00e0 la Maison-Blanche, en 2016 \u2013 \u00e0 l\u2019\u00e9poque beaucoup de bruit, mais peu d\u2019action. Historiquement pr\u00e9sent en Asie, Standard Chartered a pu voir de pr\u00e8s la croissance chinoise, bas\u00e9e sur les exportations.<\/p>\n<p><strong class=\"article-body-link-list__item text-gray-800 article-body-link-list__item--one-item\">LIRE AUSSI : <a class=\"article-body-link-list__item-link\" href=\"https:\/\/www.lexpress.fr\/economie\/high-tech\/droits-de-douane-lunion-europeenne-ne-doit-pas-accepter-un-accord-manifestement-asymetrique-WO65XZGJNBDGVFPCBFBAMWN3IE\/\" target=\"_blank\" rel=\"noreferrer nofollow noopener\">Droits de douane : \u00ab\u00a0L\u2019Union europ\u00e9enne ne doit pas accepter un accord manifestement asym\u00e9trique\u00a0\u00bb<\/a><\/strong><\/p>\n<p class=\"paragraph article-body-paragraph article__item   \">Mais il devenait \u00e9vident qu\u2019elle n\u2019\u00e9tait plus le producteur le moins cher. L\u2019Inde, le <a href=\"https:\/\/www.lexpress.fr\/economie\/politique-economique\/guerre-commerciale-de-donald-trump-pour-le-vietnam-la-fin-de-la-supercherie-4AEYRFJSU5H27D35ZU6C2CHRAI\/\" target=\"_self\" rel=\"nofollow noopener\" title=\"https:\/\/www.lexpress.fr\/economie\/politique-economique\/guerre-commerciale-de-donald-trump-pour-le-vietnam-la-fin-de-la-supercherie-4AEYRFJSU5H27D35ZU6C2CHRAI\/\">Vietnam<\/a>, la Malaisie, l\u2019Indon\u00e9sie ou encore la Tha\u00eflande se sont positionn\u00e9s avec des co\u00fbts plus attractifs, sur des march\u00e9s plus sophistiqu\u00e9s. Nous avons alors assist\u00e9 \u00e0 un flux continu d\u2019investissements chinois vers ces autres march\u00e9s asiatiques. D\u2019ailleurs, contrairement aux id\u00e9es re\u00e7ues, ce ne sont pas tant les entreprises europ\u00e9ennes ou am\u00e9ricaines qui ont \u00e9t\u00e9 moteur de ce mouvement de d\u00e9placement des activit\u00e9s hors de Chine que les entreprises chinoises elles-m\u00eames.<\/p>\n<p class=\"paragraph article__item--bold article-body-paragraph article__item   \">Avec quels impacts sur les cha\u00eenes d\u2019approvisionnement ?<\/p>\n<p class=\"paragraph article-body-paragraph article__item   \">Elles sont devenues \u00e0 la fois plus complexes et plus efficaces, surtout \u00e0 l\u2019int\u00e9rieur du continent asiatique. Auparavant, des cha\u00eenes enti\u00e8res \u00e9taient concentr\u00e9es en Chine, les produits finis \u00e9tant export\u00e9s directement vers l\u2019Europe, le Japon ou les \u00c9tats-Unis. D\u00e9sormais, les pi\u00e8ces essentielles sont fabriqu\u00e9es en Chine mais les composants peuvent \u00eatre produits au Vietnam et assembl\u00e9s en Malaisie.<\/p>\n<p class=\"paragraph article-body-paragraph article__item   \">La pand\u00e9mie de Covid a r\u00e9v\u00e9l\u00e9 les limites de cette complexit\u00e9. La fermeture de ports ou de sites de production en Chine a eu des effets d\u2019entra\u00eenement sur l\u2019ensemble de la cha\u00eene d\u2019approvisionnement mondiale. Les entreprises en ont tir\u00e9 des le\u00e7ons sur leur <a href=\"https:\/\/www.lexpress.fr\/monde\/asie\/chine-un-quasi-monopole-sur-les-terres-rares-et-des-annees-de-ravage-sur-lenvironnement-6TQMXN5QYVCQ7OJAHBMEGJQ4UY\/\" target=\"_self\" rel=\"nofollow noopener\" title=\"https:\/\/www.lexpress.fr\/monde\/asie\/chine-un-quasi-monopole-sur-les-terres-rares-et-des-annees-de-ravage-sur-lenvironnement-6TQMXN5QYVCQ7OJAHBMEGJQ4UY\/\">d\u00e9pendance \u00e0 P\u00e9kin<\/a> en acc\u00e9l\u00e9rant leur strat\u00e9gie de diversification g\u00e9ographique de leurs fournisseurs.<\/p>\n<\/p>\n<p class=\"paragraph article-body-paragraph article__item   \">En mettant en \u00e9vidence les vuln\u00e9rabilit\u00e9s \u00e0 des interruptions d\u00e9lib\u00e9r\u00e9es, l\u2019invasion de l\u2019Ukraine par la Russie a accentu\u00e9 cette n\u00e9cessit\u00e9 de r\u00e9duire la d\u00e9pendance \u00e0 la Chine. Biden s\u2019est efforc\u00e9 de r\u00e9pondre \u00e0 cet enjeu, puis Trump \u00e0 son tour, depuis son second mandat, de fa\u00e7on bien plus agressive au travers de l\u2019augmentation drastique des droits de douane.<\/p>\n<p class=\"paragraph article__item--bold article-body-paragraph article__item   \">Dans cet environnement, comment r\u00e9agissent les entreprises ?<\/p>\n<p class=\"paragraph article-body-paragraph article__item   \">Ce contexte d\u2019incertitude a d\u00e9j\u00e0 frein\u00e9 les investissements dans de nombreux march\u00e9s. Mais je pense que les affaires reprendront rapidement d\u00e8s qu\u2019il y aura plus de clart\u00e9 sur les niveaux de droits de douane. En particulier, les entreprises europ\u00e9ennes continuent d\u2019investir massivement en Asie, au Moyen-Orient et en Afrique.<\/p>\n<p class=\"paragraph article__item--bold article-body-paragraph article__item   \">Y compris en Chine ?<\/p>\n<p class=\"paragraph article-body-paragraph article__item   \">Il y a clairement des r\u00e9serves aujourd\u2019hui concernant <a href=\"https:\/\/www.lexpress.fr\/monde\/asie\/chine-le-geant-de-l-asie_1112446.html\" target=\"_self\" rel=\"nofollow noopener\" title=\"https:\/\/www.lexpress.fr\/monde\/asie\/chine-le-geant-de-l-asie_1112446.html\">la Chine<\/a>. Certes, les investissements directs \u00e9trangers dans le pays augmentent encore. Mais ceux des entreprises occidentales, eux, reculent. Cela s\u2019explique essentiellement par la crainte des <a href=\"https:\/\/www.lexpress.fr\/economie\/high-tech\/droits-de-douane-lunion-europeenne-ne-doit-pas-accepter-un-accord-manifestement-asymetrique-WO65XZGJNBDGVFPCBFBAMWN3IE\/\" target=\"_self\" rel=\"nofollow noopener\" title=\"https:\/\/www.lexpress.fr\/economie\/high-tech\/droits-de-douane-lunion-europeenne-ne-doit-pas-accepter-un-accord-manifestement-asymetrique-WO65XZGJNBDGVFPCBFBAMWN3IE\/\">droits de douane<\/a> : personne n\u2019a envie de s\u2019exposer \u00e0 l\u2019industrie exportatrice chinoise avec le risque de subir des taxes punitives de la part des \u00c9tats-Unis, voire de l\u2019Europe \u00e0 l\u2019avenir.<\/p>\n<p><strong class=\"article-body-link-list__item text-gray-800 article-body-link-list__item--one-item\">LIRE AUSSI : <a class=\"article-body-link-list__item-link\" href=\"https:\/\/www.lexpress.fr\/economie\/high-tech\/le-partage-des-logiciels-chinois-est-tout-sauf-philanthropique-par-robin-rivaton-O46OV63DV5HRND2CAQFL5XVRVE\/\" target=\"_blank\" rel=\"noreferrer nofollow noopener\">Le partage des logiciels chinois est tout sauf philanthropique, par Robin Rivaton<\/a><\/strong><\/p>\n<p class=\"paragraph article-body-paragraph article__item   \">Ainsi, les entreprises qui investissent en Chine aujourd\u2019hui sont celles qui visent le march\u00e9 int\u00e9rieur : elles veulent produire et vendre sur place. C\u2019est particuli\u00e8rement vrai dans le secteur des biens de consommation et du <a href=\"https:\/\/www.lexpress.fr\/economie\/gucci-richemont-porsche-au-pays-de-xi-jinping-le-bling-bling-fait-moins-recette-HK6LKWZNBFDAZFPZU7MXWVN76M\/\" target=\"_self\" rel=\"nofollow noopener\" title=\"https:\/\/www.lexpress.fr\/economie\/gucci-richemont-porsche-au-pays-de-xi-jinping-le-bling-bling-fait-moins-recette-HK6LKWZNBFDAZFPZU7MXWVN76M\/\">luxe<\/a>. Les Europ\u00e9ens augmentent tout de m\u00eame leur pr\u00e9sence dans les secteurs o\u00f9 ils gardent un avantage technologique, m\u00eame si tout ne se passe pas toujours comme pr\u00e9vu. La protection de la propri\u00e9t\u00e9 intellectuelle s\u2019est certes beaucoup am\u00e9lior\u00e9e en Chine, mais reste un point sensible. Globalement, la prudence domine et beaucoup pr\u00e9f\u00e8rent d\u00e9velopper leurs activit\u00e9s ailleurs en Asie, par exemple en Indon\u00e9sie dans la fabrication de batteries.<\/p>\n<p class=\"paragraph article__item--bold article-body-paragraph article__item   \">Selon vous, comment l\u2019Europe doit-elle r\u00e9agir aux bouleversements actuels ?<\/p>\n<p class=\"paragraph article-body-paragraph article__item   \">Alors que les Etats-Unis apparaissent comme un partenaire moins fiable et que la Chine a ses propres combats \u00e0 mener, en interne et \u00e0 l\u2019international, je pense que l\u2019Europe a aujourd\u2019hui une occasion unique de retrouver une influence diplomatique et politique \u00e0 la hauteur de sa puissance \u00e9conomique. Car \u00e9conomiquement elle est tr\u00e8s forte, mais diplomatiquement, son poids est insuffisant \u2014 on sait pourquoi : \u00e0 27, il est difficile d\u2019avoir une position commune. Mais la nouvelle politique am\u00e9ricaine, les tensions entre les \u00c9tats-Unis et la Chine, ou encore <a href=\"https:\/\/www.lexpress.fr\/monde\/europe\/l-ukraine-hesite-entre-est-et-ouest_1302698.html\" target=\"_self\" rel=\"nofollow noopener\" title=\"https:\/\/www.lexpress.fr\/monde\/europe\/l-ukraine-hesite-entre-est-et-ouest_1302698.html\">l\u2019invasion de l\u2019Ukraine<\/a>, ont contribu\u00e9 \u00e0 ressouder l\u2019Europe. C\u2019est un d\u00e9but.<\/p>\n<p class=\"paragraph article__item--bold article-body-paragraph article__item   \">Qu\u2019est-ce qui vous rend optimiste ?<\/p>\n<p class=\"paragraph article-body-paragraph article__item   \">Il reste bien s\u00fbr des incertitudes. Mais l\u2019accord commercial entre les \u00c9tats-Unis et le Vietnam, par exemple, est encourageant. On esp\u00e8re aussi qu\u2019un autre soit conclu entre les \u00c9tats-Unis et la Chine, apr\u00e8s une rencontre Trump-Xi. Tout ceci pourrait rassurer les march\u00e9s. Un cessez-le-feu au Moyen-Orient donne de l\u2019espoir, m\u00eame si, pour l\u2019Ukraine, la situation reste bloqu\u00e9e \u2014 mais au moins, il n\u2019y a pas de victoire claire de la Russie, ce qui serait le pire sc\u00e9nario. Les <a href=\"https:\/\/www.lexpress.fr\/economie\/politique-economique\/tous-nos-projets-de-forage-ont-ete-annules-les-petroliers-texans-a-lepreuve-de-la-strategie-trump-GI3Q6ZUMJFADVI2XHGBMOQ4MFE\/\" target=\"_self\" rel=\"nofollow noopener\" title=\"https:\/\/www.lexpress.fr\/economie\/politique-economique\/tous-nos-projets-de-forage-ont-ete-annules-les-petroliers-texans-a-lepreuve-de-la-strategie-trump-GI3Q6ZUMJFADVI2XHGBMOQ4MFE\/\">prix du p\u00e9trole<\/a> restent mod\u00e9r\u00e9s, l\u2019inflation baisse dans beaucoup de pays, autant de bonnes nouvelles. Les investissements reprendront vraiment quand la situation sur les droits de douane sera clarifi\u00e9e. Mais cette incertitude durera quelques semaines, pas des ann\u00e9es.<\/p>\n<p class=\"paragraph article__item--bold article-body-paragraph article__item   \">L\u2019Europe a-t-elle int\u00e9r\u00eat \u00e0 se rapprocher de l\u2019Asie, et de la Chine en particulier ?<\/p>\n<p class=\"paragraph article-body-paragraph article__item   \">Elle doit rester ouverte \u00e0 tout le monde. Comme l\u2019Inde, l\u2019Indon\u00e9sie, le Br\u00e9sil ou l\u2019Afrique du Sud, elle n\u2019a pas int\u00e9r\u00eat \u00e0 se rallier \u00e0 un camp. Elle reste un bloc \u00e9conomique ind\u00e9pendant qui peut entretenir des relations \u00e9quilibr\u00e9es avec tous et exercer une influence r\u00e9elle. Les sanctions europ\u00e9ennes peuvent peser lourd, mais elles doivent \u00eatre utilis\u00e9es avec prudence.<\/p>\n<p><strong class=\"article-body-link-list__item text-gray-800 article-body-link-list__item--one-item\">LIRE AUSSI : <a class=\"article-body-link-list__item-link\" href=\"https:\/\/www.lexpress.fr\/economie\/politique-economique\/baii-la-banque-aux-deux-visages-chantre-du-multilateralisme-ou-faux-nez-de-pekin-ALZLUDTZF5AUTCFSCRJ4ZTTX4E\/\" target=\"_blank\" rel=\"noreferrer nofollow noopener\">BAII, la banque aux deux visages : chantre du multilat\u00e9ralisme ou faux nez de P\u00e9kin ?<\/a><\/strong><\/p>\n<p class=\"paragraph article-body-paragraph article__item   \">Pour autant, la relation avec les \u00c9tats-Unis reste fondamentale. L\u2019Europe reste d\u00e9pendante de la protection am\u00e9ricaine via l\u2019OTAN. <a href=\"https:\/\/www.lexpress.fr\/monde\/europe\/otan-pourquoi-lespagne-refuse-de-consacrer-5-de-son-pib-a-la-defense-OBH7LO7SBBEBXOU3IS2X34SPTQ\/\" target=\"_self\" rel=\"nofollow noopener\" title=\"https:\/\/www.lexpress.fr\/monde\/europe\/otan-pourquoi-lespagne-refuse-de-consacrer-5-de-son-pib-a-la-defense-OBH7LO7SBBEBXOU3IS2X34SPTQ\/\">La hausse des budgets militaires europ\u00e9ens<\/a> r\u00e9pond autant \u00e0 la pression am\u00e9ricaine qu\u2019\u00e0 la menace sur ses fronti\u00e8res, notamment \u00e0 l\u2019Est. Mais l\u2019Asie est une r\u00e9gion incontournable : c\u2019est l\u00e0 que se trouvent les \u00e9conomies les plus dynamiques, et il est int\u00e9ressant de voir qu\u2019elles sont aujourd\u2019hui plus ouvertes que les \u00c9tats-Unis.<\/p>\n<p class=\"paragraph article__item--bold article-body-paragraph article__item   \">A court terme, l\u2019Europe redoutait surtout un <a href=\"https:\/\/www.lexpress.fr\/monde\/asie\/droits-de-douane-de-trump-lafflux-de-produits-chinois-lautre-defi-qui-menace-leurope-VILRRJY4XNBVHEECF6T3Z6S45E\/\" target=\"_self\" rel=\"nofollow noopener\" title=\"https:\/\/www.lexpress.fr\/monde\/asie\/droits-de-douane-de-trump-lafflux-de-produits-chinois-lautre-defi-qui-menace-leurope-VILRRJY4XNBVHEECF6T3Z6S45E\/\">afflux de produits chinois<\/a>\u2026<\/p>\n<p class=\"paragraph article-body-paragraph article__item   \">C\u2019est une source de pr\u00e9occupation, car la demande int\u00e9rieure chinoise est faible et le march\u00e9 am\u00e9ricain difficile d\u2019acc\u00e8s \u00e0 cause des droits de douane. La Chine garde un avantage de co\u00fbt et de technologie dans plusieurs secteurs : les v\u00e9hicules \u00e9lectriques, les technologies vertes et une partie de l\u2019industrie des puces. Si l\u2019Europe ouvrait compl\u00e8tement ses fronti\u00e8res, elle serait submerg\u00e9e. Il est normal qu\u2019elle y r\u00e9ponde par des droits de douane cibl\u00e9s pour prot\u00e9ger son industrie.<\/p>\n<p class=\"paragraph article-body-paragraph article__item   \">Pour contourner ces barri\u00e8res, la Chine investit de plus en plus directement en Europe. Elle apporte son savoir-faire industriel, ses capitaux, tout en s\u2019adaptant aux contraintes environnementales europ\u00e9ennes. Cette dynamique pourrait inverser la logique : apr\u00e8s avoir d\u00e9localis\u00e9 la production en Chine, l\u2019Europe pourrait \u00ab\u00a0r\u00e9internaliser\u00a0\u00bb des activit\u00e9s industrielles et d\u2019innovation. Un mouvement similaire pourrait avoir lieu aux Etats-Unis, pour la fabrication de panneaux solaires par exemple, aujourd\u2019hui r\u00e9alis\u00e9e exclusivement en Chine. Pour les entreprises chinoises, la production y serait plus ch\u00e8re, mais c\u2019est le seul moyen d\u2019\u00e9couler leurs marchandises sur le march\u00e9 am\u00e9ricain.<\/p>\n<p class=\"paragraph article__item--bold article-body-paragraph article__item   \">L\u2019Inde, o\u00f9 Standard Chartered op\u00e8re depuis 170 ans, va-t-elle profiter de la rivalit\u00e9 Chine \u2013 \u00c9tats-Unis ?<\/p>\n<p class=\"paragraph article-body-paragraph article__item   \">Elle en b\u00e9n\u00e9ficie d\u00e9j\u00e0 depuis dix ans. L\u2019Inde progresse \u00e0 sa mani\u00e8re, pas en ligne droite. La Bourse explose, les profits grimpent. Elle capte une grande partie de la strat\u00e9gie \u00ab\u00a0Chine + 1\u00a0\u00bb car le Vietnam ou la Malaisie sont trop petits pour absorber toute la relocalisation industrielle.<\/p>\n<p class=\"paragraph article-body-paragraph article__item    article__text__endpicto\">Mais tout n\u2019est pas si simple. Sa main-d\u2019\u0153uvre manque encore de comp\u00e9tences industrielles et son co\u00fbt logistique, bien qu\u2019il ait diminu\u00e9 sous <a href=\"https:\/\/www.lexpress.fr\/monde\/asie\/inde-pakistan-le-message-que-narendra-modi-adresse-a-islamabad-est-tres-clair-KJRKRM4OQ5BQPB6CH57SVSSJ6M\/\" target=\"_self\" rel=\"nofollow noopener\" title=\"https:\/\/www.lexpress.fr\/monde\/asie\/inde-pakistan-le-message-que-narendra-modi-adresse-a-islamabad-est-tres-clair-KJRKRM4OQ5BQPB6CH57SVSSJ6M\/\">Modi<\/a>, demeure \u00e9lev\u00e9 \u00e0 cause de la bureaucratie. N\u00e9anmoins de grands groupes mondiaux d\u2019\u00e9lectronique grand public investissent massivement pour produire d\u2019abord pour le march\u00e9 int\u00e9rieur puis exporter.<\/p>\n<p>.<\/p>\n","protected":false},"excerpt":{"rendered":"En ce d\u00e9but d\u2019\u00e9t\u00e9, comme chaque ann\u00e9e, Bill Winters a fait un saut \u00e0 Paris pour rencontrer les&hellip;\n","protected":false},"author":2,"featured_media":244096,"comment_status":"","ping_status":"","sticky":false,"template":"","format":"standard","meta":{"footnotes":""},"categories":[1586],"tags":[11,33,313,1777,674,1011,27,12,9130,25],"class_list":{"0":"post-244095","1":"post","2":"type-post","3":"status-publish","4":"format-standard","5":"has-post-thumbnail","7":"category-europe","8":"tag-actualites","9":"tag-economie","10":"tag-entreprises","11":"tag-eu","12":"tag-europe","13":"tag-fr","14":"tag-france","15":"tag-news","16":"tag-politique-economique","17":"tag-republique-francaise"},"share_on_mastodon":{"url":"https:\/\/pubeurope.com\/@fr\/114838386928948941","error":""},"_links":{"self":[{"href":"https:\/\/www.europesays.com\/fr\/wp-json\/wp\/v2\/posts\/244095","targetHints":{"allow":["GET"]}}],"collection":[{"href":"https:\/\/www.europesays.com\/fr\/wp-json\/wp\/v2\/posts"}],"about":[{"href":"https:\/\/www.europesays.com\/fr\/wp-json\/wp\/v2\/types\/post"}],"author":[{"embeddable":true,"href":"https:\/\/www.europesays.com\/fr\/wp-json\/wp\/v2\/users\/2"}],"replies":[{"embeddable":true,"href":"https:\/\/www.europesays.com\/fr\/wp-json\/wp\/v2\/comments?post=244095"}],"version-history":[{"count":0,"href":"https:\/\/www.europesays.com\/fr\/wp-json\/wp\/v2\/posts\/244095\/revisions"}],"wp:featuredmedia":[{"embeddable":true,"href":"https:\/\/www.europesays.com\/fr\/wp-json\/wp\/v2\/media\/244096"}],"wp:attachment":[{"href":"https:\/\/www.europesays.com\/fr\/wp-json\/wp\/v2\/media?parent=244095"}],"wp:term":[{"taxonomy":"category","embeddable":true,"href":"https:\/\/www.europesays.com\/fr\/wp-json\/wp\/v2\/categories?post=244095"},{"taxonomy":"post_tag","embeddable":true,"href":"https:\/\/www.europesays.com\/fr\/wp-json\/wp\/v2\/tags?post=244095"}],"curies":[{"name":"wp","href":"https:\/\/api.w.org\/{rel}","templated":true}]}}