{"id":244104,"date":"2025-07-12T04:37:12","date_gmt":"2025-07-12T04:37:12","guid":{"rendered":"https:\/\/www.europesays.com\/fr\/244104\/"},"modified":"2025-07-12T04:37:12","modified_gmt":"2025-07-12T04:37:12","slug":"rugby-a-xiii-le-catalan-ugo-tison-devrait-revenir-chez-les-dragons-catalans-pour-la-fin-de-saison","status":"publish","type":"post","link":"https:\/\/www.europesays.com\/fr\/244104\/","title":{"rendered":"Rugby \u00e0 XIII\u00a0: le Catalan Ugo Tison devrait revenir chez les Dragons Catalans pour la fin de saison"},"content":{"rendered":"<p>\n                                                                Parti l\u2019an pass\u00e9, il s\u2019engagera avec les Dracs quand le pr\u00eat de Denive Balmforth arrivera \u00e0 \u00e9ch\u00e9ance.\n                            <\/p>\n<p>Il avait quitt\u00e9 le Pays catalan en 2024, apr\u00e8s un petit match jou\u00e9 contre Warrington, le 30\u00a0mars. Le talonneur Ugo Tison (24 ans, 1,78\u00a0m, 83\u00a0kg) avait fini la saison avec les London Broncos, o\u00f9 il avait disput\u00e9 20 matches pour 5 titularisations et un essai, avant de filer quelques mois en Australie.<\/p>\n<p>Mais, toujours en manque de joueurs, les Dragons ont d\u00e9cid\u00e9 de faire revenir l\u2019un des leurs. Form\u00e9 \u00e0 St-Est\u00e8ve\/XIII Catalan et auteur de quatre feuilles de match avec les Dracs, l\u2019international fran\u00e7ais devrait venir pallier le d\u00e9part du talonneur anglais Denive Balmforth, <a href=\"https:\/\/www.lindependant.fr\/2025\/06\/25\/rugby-a-xiii-les-dragons-catalans-signent-un-jeune-talonneur-dhull-fc-pour-un-mois-12785477.php\" target=\"_self\" rel=\"nofollow noopener\">pr\u00eat\u00e9 aux Dragons pendant un mois par Hull FC<\/a>. Dans deux semaines, il devrait reprendre le chemin de l\u2019Angleterre. Et Ugo Tison, lui, finir la saison en sang et or. Un renfort qui fait sens dans les trav\u00e9es de Brutus avec un jeune Catalan capable d\u2019\u00e9voluer au talon et \u00e0 la charni\u00e8re.<\/p>\n","protected":false},"excerpt":{"rendered":"Parti l\u2019an pass\u00e9, il s\u2019engagera avec les Dracs quand le pr\u00eat de Denive Balmforth arrivera \u00e0 \u00e9ch\u00e9ance. Il&hellip;\n","protected":false},"author":2,"featured_media":244105,"comment_status":"","ping_status":"","sticky":false,"template":"","format":"standard","meta":{"footnotes":""},"categories":[1416],"tags":[1011,27,479,1468,60],"class_list":{"0":"post-244104","1":"post","2":"type-post","3":"status-publish","4":"format-standard","5":"has-post-thumbnail","7":"category-rugby","8":"tag-fr","9":"tag-france","10":"tag-rugby","11":"tag-rugby-football","12":"tag-sports"},"share_on_mastodon":{"url":"https:\/\/pubeurope.com\/@fr\/114838414538057551","error":""},"_links":{"self":[{"href":"https:\/\/www.europesays.com\/fr\/wp-json\/wp\/v2\/posts\/244104","targetHints":{"allow":["GET"]}}],"collection":[{"href":"https:\/\/www.europesays.com\/fr\/wp-json\/wp\/v2\/posts"}],"about":[{"href":"https:\/\/www.europesays.com\/fr\/wp-json\/wp\/v2\/types\/post"}],"author":[{"embeddable":true,"href":"https:\/\/www.europesays.com\/fr\/wp-json\/wp\/v2\/users\/2"}],"replies":[{"embeddable":true,"href":"https:\/\/www.europesays.com\/fr\/wp-json\/wp\/v2\/comments?post=244104"}],"version-history":[{"count":0,"href":"https:\/\/www.europesays.com\/fr\/wp-json\/wp\/v2\/posts\/244104\/revisions"}],"wp:featuredmedia":[{"embeddable":true,"href":"https:\/\/www.europesays.com\/fr\/wp-json\/wp\/v2\/media\/244105"}],"wp:attachment":[{"href":"https:\/\/www.europesays.com\/fr\/wp-json\/wp\/v2\/media?parent=244104"}],"wp:term":[{"taxonomy":"category","embeddable":true,"href":"https:\/\/www.europesays.com\/fr\/wp-json\/wp\/v2\/categories?post=244104"},{"taxonomy":"post_tag","embeddable":true,"href":"https:\/\/www.europesays.com\/fr\/wp-json\/wp\/v2\/tags?post=244104"}],"curies":[{"name":"wp","href":"https:\/\/api.w.org\/{rel}","templated":true}]}}