{"id":244106,"date":"2025-07-12T04:38:11","date_gmt":"2025-07-12T04:38:11","guid":{"rendered":"https:\/\/www.europesays.com\/fr\/244106\/"},"modified":"2025-07-12T04:38:11","modified_gmt":"2025-07-12T04:38:11","slug":"tennis-a-45-ans-venus-williams-va-faire-son-grand-retour-au-tournoi-de-washington","status":"publish","type":"post","link":"https:\/\/www.europesays.com\/fr\/244106\/","title":{"rendered":"Tennis : \u00e0 45 ans, Venus Williams va faire son grand retour au tournoi de Washington"},"content":{"rendered":"<p class=\"paragraph text_align_left lp-f-body-02\">L\u2019Am\u00e9ricaine <a href=\"https:\/\/www.leparisien.fr\/sports\/tennis\/tennis-wimbledon-eternelle-venus-williams-13-07-2017-7133004.php\" target=\"_blank\" rel=\"noreferrer nofollow noopener\">Venus Williams,<\/a> qui n\u2019a plus jou\u00e9 en tournoi depuis seize mois, participera au tournoi WTA 500 de Washington (19-27 juillet), ont annonc\u00e9 vendredi les organisateurs de l\u2019\u00e9preuve qui lui ont attribu\u00e9 une invitation.<\/p>\n<p class=\"paragraph text_align_left lp-f-body-02\">Ag\u00e9e de 45 ans, l\u2019ex-N.1 mondiale aux sept titres dans des tournois du Grand Chelem n\u2019a jamais annonc\u00e9 sa retraite sportive mais ne joue plus que sporadiquement, apparaissant d\u00e9sormais sous le statut de joueuse inactive sur le site de la WTA.<\/p>\n<p class=\"paragraph text_align_left lp-f-body-02\">\u00ab \u00c7a m\u2019enthousiasme d\u2019accepter une invitation du tournoi de Washington, il y a quelque chose de vraiment particulier \u00e0 Washington, l\u2019\u00e9nergie, le public, l\u2019histoire \u00bb, a-t-elle d\u00e9clar\u00e9. \u00ab Cette ville m\u2019a toujours montr\u00e9 beaucoup d\u2019amour et je suis impatiente d\u2019y jouer de nouveau. \u00bb<\/p>\n<p class=\"paragraph text_align_left lp-f-body-02\">Son retour avait \u00e9t\u00e9 annonc\u00e9 un peu plus t\u00f4t sur le site internet du tournoi de la capitale f\u00e9d\u00e9rale des Etats-Unis, avec une photo de la joueuse l\u00e9gend\u00e9e: \u00ab Venus vient \u00e0 DC ! \u00bb (\u00ab Venus is coming to DC ! \u00bb). \u00ab A bient\u00f4t, DC \u00bb, avait confirm\u00e9 Venus Williams en repostant l\u2019affiche sur une story Instagram.<\/p>\n<p class=\"paragraph text_align_left lp-f-body-02\">Son dernier classement disponible, au 17 mars dernier, la pla\u00e7ait au 1.151e rang mondial. Un an plus t\u00f4t, elle avait disput\u00e9 son dernier match en date sur le circuit, s\u2019inclinant au premier tour du tournoi WTA 1000 de Miami face \u00e0 la Russe Diana Shnaider en deux manches 6-3, 6-3.<\/p>\n<p class=\"paragraph text_align_left lp-f-body-02\">La soeur a\u00een\u00e9e de Serena Williams compte 49 titres \u00e0 son palmar\u00e8s, dont sept remport\u00e9s dans des tournois du Grand Chelem entre 2000 et 2008 (cinq \u00e0 Wimbledon, deux \u00e0 l\u2019US Open).<\/p>\n<p class=\"paragraph text_align_left lp-f-body-02\">Son premier match officiel sur le circuit WTA remonte au tournoi d\u2019Oakland (Californie) en 1994 et son premier titre en 1998 \u00e0 Memphis. Ses derni\u00e8res apparitions dans les tournois majeurs du circuit remontent \u00e0 la saison 2023, o\u00f9 elle avait \u00e9t\u00e9 sortie d\u00e8s le premier tour \u00e0 Wimbledon puis \u00e0 l\u2019US Open.<\/p>\n","protected":false},"excerpt":{"rendered":"L\u2019Am\u00e9ricaine Venus Williams, qui n\u2019a plus jou\u00e9 en tournoi depuis seize mois, participera au tournoi WTA 500 de&hellip;\n","protected":false},"author":2,"featured_media":244107,"comment_status":"","ping_status":"","sticky":false,"template":"","format":"standard","meta":{"footnotes":""},"categories":[1415],"tags":[1011,27,60,1467],"class_list":{"0":"post-244106","1":"post","2":"type-post","3":"status-publish","4":"format-standard","5":"has-post-thumbnail","7":"category-tennis","8":"tag-fr","9":"tag-france","10":"tag-sports","11":"tag-tennis"},"share_on_mastodon":{"url":"https:\/\/pubeurope.com\/@fr\/114838418356875833","error":""},"_links":{"self":[{"href":"https:\/\/www.europesays.com\/fr\/wp-json\/wp\/v2\/posts\/244106","targetHints":{"allow":["GET"]}}],"collection":[{"href":"https:\/\/www.europesays.com\/fr\/wp-json\/wp\/v2\/posts"}],"about":[{"href":"https:\/\/www.europesays.com\/fr\/wp-json\/wp\/v2\/types\/post"}],"author":[{"embeddable":true,"href":"https:\/\/www.europesays.com\/fr\/wp-json\/wp\/v2\/users\/2"}],"replies":[{"embeddable":true,"href":"https:\/\/www.europesays.com\/fr\/wp-json\/wp\/v2\/comments?post=244106"}],"version-history":[{"count":0,"href":"https:\/\/www.europesays.com\/fr\/wp-json\/wp\/v2\/posts\/244106\/revisions"}],"wp:featuredmedia":[{"embeddable":true,"href":"https:\/\/www.europesays.com\/fr\/wp-json\/wp\/v2\/media\/244107"}],"wp:attachment":[{"href":"https:\/\/www.europesays.com\/fr\/wp-json\/wp\/v2\/media?parent=244106"}],"wp:term":[{"taxonomy":"category","embeddable":true,"href":"https:\/\/www.europesays.com\/fr\/wp-json\/wp\/v2\/categories?post=244106"},{"taxonomy":"post_tag","embeddable":true,"href":"https:\/\/www.europesays.com\/fr\/wp-json\/wp\/v2\/tags?post=244106"}],"curies":[{"name":"wp","href":"https:\/\/api.w.org\/{rel}","templated":true}]}}