{"id":244108,"date":"2025-07-12T04:40:19","date_gmt":"2025-07-12T04:40:19","guid":{"rendered":"https:\/\/www.europesays.com\/fr\/244108\/"},"modified":"2025-07-12T04:40:19","modified_gmt":"2025-07-12T04:40:19","slug":"bastianini-forfait-en-allemagne-2","status":"publish","type":"post","link":"https:\/\/www.europesays.com\/fr\/244108\/","title":{"rendered":"Bastianini forfait en Allemagne"},"content":{"rendered":"<p>Apr\u00e8s avoir \u00e9t\u00e9 diagnostiqu\u00e9 de l&rsquo;appendicite jeudi, Enea Bastianini (Red Bull KTM Tech3) ne participera pas aux courses de samedi et dimanche au Grand Prix Liqui Moly d&rsquo;Allemagne.<\/p>\n<p>On ne sait pas encore si \u00ab La B\u00eate \u00bb sera de retour en piste pour le Grand Prix de R\u00e9publique tch\u00e8que la semaine prochaine mais ce qui est s\u00fbr, c&rsquo;est que le n\u00b023 ne sera pas remplac\u00e9 au Sachsenring.<\/p>\n<p>Cela signifie que le garage Tech3 se concentrera enti\u00e8rement sur Maverick Vi\u00f1ales (Red Bull KTM Tech3) ce week-end, tandis que l&rsquo;\u00e9quipe et l&rsquo;ensemble du paddock MotoGP\u2122 souhaitent \u00e0 Enea Bastianini un prompt r\u00e9tablissement.<\/p>\n<p>\u00a0<\/p>\n","protected":false},"excerpt":{"rendered":"Apr\u00e8s avoir \u00e9t\u00e9 diagnostiqu\u00e9 de l&rsquo;appendicite jeudi, Enea Bastianini (Red Bull KTM Tech3) ne participera pas aux courses&hellip;\n","protected":false},"author":2,"featured_media":243046,"comment_status":"","ping_status":"","sticky":false,"template":"","format":"standard","meta":{"footnotes":""},"categories":[1413],"tags":[1011,27,1457,1456,60,2032],"class_list":{"0":"post-244108","1":"post","2":"type-post","3":"status-publish","4":"format-standard","5":"has-post-thumbnail","7":"category-moto","8":"tag-fr","9":"tag-france","10":"tag-moto","11":"tag-motocycle","12":"tag-sports","13":"tag-text"},"share_on_mastodon":{"url":"https:\/\/pubeurope.com\/@fr\/114838426280341695","error":""},"_links":{"self":[{"href":"https:\/\/www.europesays.com\/fr\/wp-json\/wp\/v2\/posts\/244108","targetHints":{"allow":["GET"]}}],"collection":[{"href":"https:\/\/www.europesays.com\/fr\/wp-json\/wp\/v2\/posts"}],"about":[{"href":"https:\/\/www.europesays.com\/fr\/wp-json\/wp\/v2\/types\/post"}],"author":[{"embeddable":true,"href":"https:\/\/www.europesays.com\/fr\/wp-json\/wp\/v2\/users\/2"}],"replies":[{"embeddable":true,"href":"https:\/\/www.europesays.com\/fr\/wp-json\/wp\/v2\/comments?post=244108"}],"version-history":[{"count":0,"href":"https:\/\/www.europesays.com\/fr\/wp-json\/wp\/v2\/posts\/244108\/revisions"}],"wp:featuredmedia":[{"embeddable":true,"href":"https:\/\/www.europesays.com\/fr\/wp-json\/wp\/v2\/media\/243046"}],"wp:attachment":[{"href":"https:\/\/www.europesays.com\/fr\/wp-json\/wp\/v2\/media?parent=244108"}],"wp:term":[{"taxonomy":"category","embeddable":true,"href":"https:\/\/www.europesays.com\/fr\/wp-json\/wp\/v2\/categories?post=244108"},{"taxonomy":"post_tag","embeddable":true,"href":"https:\/\/www.europesays.com\/fr\/wp-json\/wp\/v2\/tags?post=244108"}],"curies":[{"name":"wp","href":"https:\/\/api.w.org\/{rel}","templated":true}]}}