{"id":244111,"date":"2025-07-12T04:42:10","date_gmt":"2025-07-12T04:42:10","guid":{"rendered":"https:\/\/www.europesays.com\/fr\/244111\/"},"modified":"2025-07-12T04:42:10","modified_gmt":"2025-07-12T04:42:10","slug":"tdf-tour-de-france-la-8e-etape-milan-et-ou-merlier-acte-ii-parcours-et-profil","status":"publish","type":"post","link":"https:\/\/www.europesays.com\/fr\/244111\/","title":{"rendered":"TDF. Tour de France &#8211; La 8e \u00e9tape&#8230; Milan et\/ou Merlier, acte II ? Parcours et profil"},"content":{"rendered":"<p>Les sprinteurs font leur retour pour la 8e \u00e9tape du <strong><a href=\"https:\/\/www.cyclismactu.net\/..\/news-tdf-route-tour-de-france-tadej-pogacar-s-offre-7e-etape-et-jaune-une-grosse-chute-88875.html\" target=\"_blank\" rel=\"nofollow noopener\">Tour de France<\/a><\/strong> ce samedi 12 juillet ! Apr\u00e8s quatre journ\u00e9es favorables aux puncheurs et aux rouleurs, les bolides du peloton seront sauf grosse surprise \u00e0 l&rsquo;honneur tout le week-end avec deux nouvelles opportunit\u00e9s de briller \u00e0 Laval puis Ch\u00e2teauroux. Pour la premi\u00e8re d&rsquo;entre elle, le parcours trac\u00e9 sur\u00a0171.4 km entre\u00a0Saint-M\u00e9en-le-Grand et Laval est en effet plat comme la main, avec pour seule \u00ab\u00a0difficult\u00e9\u00a0\u00bb une maigre c\u00f4te de 4e cat\u00e9gorie dans le final qui ne devrait rien changer au sc\u00e9nario attendu, \u00e0 savoir un sprint massif royal en Mayenne. A noter tout de m\u00eame que le dernier kilom\u00e8tre est en faux plat montant. Assistera-t-on \u00e0 un nouvel opus du duel entre\u00a0<strong>Tim Merlier<\/strong>\u00a0(Soudal Quick-Step) et\u00a0<strong>Jonathan Milan<\/strong>\u00a0(Lidl-Trek) ? L&rsquo;Italien esp\u00e8re bien prendre sa revanche sur le Belge apr\u00e8s avoir \u00e9t\u00e9 battu d&rsquo;un rien leur de leur premi\u00e8re confrontation lundi \u00e0 Dunkerque.<\/p>\n<p>Vid\u00e9o &#8211; Tadej Pogacar, Maillot Jaune de ce Tour de France Lire la suite de l&rsquo;article&#13;<\/p>\n<p>\u00a0<\/p>\n<p>&#13;<br \/>\nQui pour arbitrer le duel Milan &#8211; Merlier au sprint ?&#13;<\/p>\n<p>Les deux hommes semblent au-dessus de la concurrence en terme de puissance et de v\u00e9locit\u00e9, m\u00eame si ce dernier kilom\u00e8tre en l\u00e9g\u00e8re mont\u00e9e pourrait rebattre l\u00e9g\u00e8rement les cartes. De quoi permettre \u00e0\u00a0<strong>Biniam Girmay\u00a0<\/strong>(Intermarch\u00e9-Wanty),\u00a0<strong>Dylan Groenewegen<\/strong>\u00a0(Jayco AlUla),\u00a0<strong>Jordi Meeus<\/strong>\u00a0(Red Bull-BORA-hansgrohe),\u00a0<strong>Kaden Groves<\/strong> (Alpecin &#8211; Deceuninck) ou autre\u00a0<strong>Wout Van Aert\u00a0<\/strong>(Visma | Lease a Bike) de jouer la gagne, sans oublier les\u00a0<strong>Tobias Lund Andresen<\/strong> (Team Picnic PostNL), <strong>Phil Bauhaus<\/strong> (Bahrain &#8211; Victorious), <strong>Arnaud De Lie<\/strong> (Lotto), <strong>Arnaud D\u00e9mare<\/strong> (Ark\u00e9a &#8211; B&amp;B Hotels), <strong>Paul Penho\u00ebt<\/strong> (Groupama &#8211; FDJ), <strong>Bryan Coquard<\/strong> (Cofidis),\u00a0<strong>Alberto Dainese<\/strong> (Tudor Pro Cycling Team) ou encore <strong>Marijn van den Berg<\/strong> (EF Education &#8211; EasyPost).\u00a0<strong>Mathieu van der Poel<\/strong> (Alpecin &#8211; Deceuninck) pourrait \u00e9galement se m\u00ealer \u00e0 la lutte pour empocher de pr\u00e9cieux points pour le classement du maillot vert. En revanche, RAS attendu au niveau du classement g\u00e9n\u00e9ral.<\/p>\n<p>&#13;<\/p>\n<p>\u00a0<\/p>\n<p>&#13;<br \/>\n<strong>Le parcours de la 8e \u00e9tape<\/strong>&#13;<\/p>\n<p>&#8211; Samedi 12 juillet \u2013\u00a0<strong>\u00c9tape 8<\/strong>\u00a0: Saint-M\u00e9en-le-Grand\u00a0&#8211; Laval \/ 171,4 km<\/p>\n<p>&#13;<\/p>\n<p><img decoding=\"async\" src=\"https:\/\/www.europesays.com\/fr\/wp-content\/uploads\/2025\/07\/tourdf8.jpg\" style=\"max-width:100%;max-height:100%;\" alt=\"image\" loading=\"lazy\"\/><\/p>\n<p>&#13;<\/p>\n<p>\u00a0<\/p>\n<p>&#13;<\/p>\n<p>\u00a0<\/p>\n<p>&#13;<br \/>\nLa liste de d\u00e9part de ce <strong>Tour de France 2025,\u00a0<\/strong>c&rsquo;est\u00a0<strong style=\"font-size: 10px;\"><a href=\"https:\/\/www.cyclismactu.net\/..\/news-tdf-route-tour-de-france-la-startlist-du-tour-de-france-184-coureurs-depart-88207.html\" target=\"_blank\" rel=\"nofollow noopener\">\u00e0 retrouver ICI en cliquant sur ce lien<\/a><\/strong> !Tour de France &#8211; Classement g\u00e9n\u00e9ral provisoire apr\u00e8s la 7\u00e8 \u00e9tape<\/p>\n","protected":false},"excerpt":{"rendered":"Les sprinteurs font leur retour pour la 8e \u00e9tape du Tour de France ce samedi 12 juillet !&hellip;\n","protected":false},"author":2,"featured_media":244112,"comment_status":"","ping_status":"","sticky":false,"template":"","format":"standard","meta":{"footnotes":""},"categories":[1411],"tags":[1154,207,211,1011,27,209,60,210,212,208,213],"class_list":{"0":"post-244111","1":"post","2":"type-post","3":"status-publish","4":"format-standard","5":"has-post-thumbnail","7":"category-cyclisme","8":"tag-cycling","9":"tag-cyclisme","10":"tag-ffc","11":"tag-fr","12":"tag-france","13":"tag-route","14":"tag-sports","15":"tag-tour-de-france","16":"tag-uci","17":"tag-velo","18":"tag-world-tour"},"share_on_mastodon":{"url":"https:\/\/pubeurope.com\/@fr\/114838434182933611","error":""},"_links":{"self":[{"href":"https:\/\/www.europesays.com\/fr\/wp-json\/wp\/v2\/posts\/244111","targetHints":{"allow":["GET"]}}],"collection":[{"href":"https:\/\/www.europesays.com\/fr\/wp-json\/wp\/v2\/posts"}],"about":[{"href":"https:\/\/www.europesays.com\/fr\/wp-json\/wp\/v2\/types\/post"}],"author":[{"embeddable":true,"href":"https:\/\/www.europesays.com\/fr\/wp-json\/wp\/v2\/users\/2"}],"replies":[{"embeddable":true,"href":"https:\/\/www.europesays.com\/fr\/wp-json\/wp\/v2\/comments?post=244111"}],"version-history":[{"count":0,"href":"https:\/\/www.europesays.com\/fr\/wp-json\/wp\/v2\/posts\/244111\/revisions"}],"wp:featuredmedia":[{"embeddable":true,"href":"https:\/\/www.europesays.com\/fr\/wp-json\/wp\/v2\/media\/244112"}],"wp:attachment":[{"href":"https:\/\/www.europesays.com\/fr\/wp-json\/wp\/v2\/media?parent=244111"}],"wp:term":[{"taxonomy":"category","embeddable":true,"href":"https:\/\/www.europesays.com\/fr\/wp-json\/wp\/v2\/categories?post=244111"},{"taxonomy":"post_tag","embeddable":true,"href":"https:\/\/www.europesays.com\/fr\/wp-json\/wp\/v2\/tags?post=244111"}],"curies":[{"name":"wp","href":"https:\/\/api.w.org\/{rel}","templated":true}]}}