{"id":244114,"date":"2025-07-12T04:44:11","date_gmt":"2025-07-12T04:44:11","guid":{"rendered":"https:\/\/www.europesays.com\/fr\/244114\/"},"modified":"2025-07-12T04:44:11","modified_gmt":"2025-07-12T04:44:11","slug":"cest-ca-qui-a-coute-laura-tenoudji-sexprime-pour-la-premiere-fois-sur-leviction-de-flavie-flament-et-julien-arnaud-de-telematin","status":"publish","type":"post","link":"https:\/\/www.europesays.com\/fr\/244114\/","title":{"rendered":"C&rsquo;est \u00e7a qui a co\u00fbt\u00e9\u00a0\u00bb, Laura Tenoudji s\u2019exprime pour la premi\u00e8re fois sur l\u2019\u00e9viction de Flavie Flament et Julien Arnaud de \u00ab\u00a0T\u00e9l\u00e9matin"},"content":{"rendered":"<p>      R\u00e9sum\u00e9<\/p>\n<p>Laura Tenoudji r\u00e9v\u00e8le que l\u2019\u00e9viction de Flavie Flament et Julien Arnaud de T\u00e9l\u00e9matin r\u00e9sulte d\u2019un duo manquant d\u2019alchimie, impact\u00e9 par l\u2019absence fr\u00e9quente de Julien Arnaud.<\/p>\n<p>        Sommaire<\/p>\n<p>Maintenant qu&rsquo;ils sont partis, on peut enfin tout dire&#8230; Ce jeudi 10 juillet, <a href=\"https:\/\/www.public.fr\/jai-fait-le-choix-de-ne-citer-personne-evincee-flavie-flament-fait-ses-adieux-a-telematin-sur-france-2#:~:text=Ce%20jeudi%2010%20juillet%202025,l&#039;antenne%20sur%20France%202.&amp;text=Flavie%20Flament%20a%20quitt%C3%A9%20T%C3%A9l%C3%A9matin,sinc%C3%A8re%20marqu%C3%A9%20par%20l&#039;%C3%A9motion.\" rel=\"nofollow noopener\" target=\"_blank\">Flavie Flament a d\u00e9finitivement quitt\u00e9 T\u00e9l\u00e9matin<\/a>, et a ainsi suivi Julien Arnaud. Les deux journalistes avaient pris les r\u00eanes de la matinale l&rsquo;an dernier, <strong>mais ont fait face \u00e0 un d\u00e9saveu du public<\/strong>. Les t\u00e9l\u00e9spectateurs ont fui, et la matinale a \u00e9t\u00e9 fragilis\u00e9e par la mont\u00e9e en puissance de T\u00e9l\u00e9matin. R\u00e9sultat, \u00e0 la rentr\u00e9e, <a href=\"https:\/\/vsd.fr\/83710-telematin-damien-thevenot-et-maya-lauque-remplacent-pour-de-bon-flavie-flament-et-julien-arnaud-fragilises-par-bonjour\/\" rel=\"nofollow noopener\" target=\"_blank\">un nouveau duo attend encore les t\u00e9l\u00e9spectateurs<\/a> de France 2 : <strong>ce sont Maya Lauqu\u00e9 et Damien Th\u00e9venot<\/strong> qui seront transf\u00e9r\u00e9s en semaine. Le weekend, ils seront remplac\u00e9s par Samuel Ollivier et M\u00e9lanie Taravant.<\/p>\n<p>Dans une interview accord\u00e9e \u00e0 Voici, Laura Tenoudji <strong>a donn\u00e9 son avis cash sur ce divorce pr\u00e9matur\u00e9<\/strong>. Pour <a href=\"https:\/\/www.public.fr\/telematin-la-chroniqueuse-laura-tenoudji-femme-de-christian-estrosi-placee-en-garde-a-vue\" rel=\"nofollow noopener\" target=\"_blank\">l&rsquo;\u00e9pouse de Christian Estrosi<\/a>, les deux journalistes \u00e9taient certes deux grands professionnels, mais ont manqu\u00e9 d&rsquo;alchimie&#8230; Mais pire encore, pour elle, le duo n&rsquo;a pas eu le temps de s&rsquo;installer et <strong>les nombreuses absences de Julien Arnaud<\/strong> n&rsquo;ont pas aid\u00e9 Flavie Flament \u00e0 trouver sa place dans T\u00e9l\u00e9matin.<\/p>\n<p>Julien Arnaud a-t-il \u00e9t\u00e9 un fardeau pour Flavie Flament ?<\/p>\n<p>\u00ab\u00a0Cette ann\u00e9e, la probl\u00e9matique qu\u2019on a eue,<strong> ce sont deux grands professionnels<\/strong> que ce soit Flavie ou Julien. Deux personnalit\u00e9s de la t\u00e9l\u00e9 qui sont absolument incroyables, deux talents, deux gentillesses, deux professionnalismes. <strong>Mais c\u2019est dur de construire un duo, \u00e7a ne se fait pas en six mois ou en un an<\/strong>. Et comme en plus, Julien \u00e9tait joker des journaux, je pense que ce qui leur a manqu\u00e9, c\u2019est du temps et de l\u2019investissement par rapport aux t\u00e2ches <strong>auxquelles devait r\u00e9pondre Julien<\/strong>\u00a0\u00bb a ainsi expliqu\u00e9 Laura Tenoudji, qui officie dans T\u00e9l\u00e9matin depuis plus de quinze ans. <\/p>\n<p>T\u00e9l\u00e9matin, une \u00e9mission qui doit \u00eatre prise au s\u00e9rieux<\/p>\n<p>La chroniqueuse embl\u00e9matique de T\u00e9l\u00e9matin a tenu \u00e0 <strong>prendre la d\u00e9fense de Flavie Flament<\/strong>. Les absences r\u00e9p\u00e9t\u00e9es de Julien Arnaud ont selon elle port\u00e9 pr\u00e9judice \u00e0 l&rsquo;animatrice, qui a d\u00fb faire \u00e9quipe avec de nombreux hommes diff\u00e9rents.<strong> \u00ab\u00a0D\u00e8s qu\u2019elle commen\u00e7ait \u00e0 cr\u00e9er de la complicit\u00e9 avec lui, il y avait un autre animateur qui arrivait\u00a0\u00bb <\/strong>a-t-elle d\u00e9plor\u00e9. A la rentr\u00e9e, Flavie Flament poursuivra son aventure sur France T\u00e9l\u00e9, avec une quotidienne baptis\u00e9e Demain. Celle-ci sera diffus\u00e9e tous les midis sur France 3. <a href=\"https:\/\/www.public.fr\/julien-arnaud-evince-de-telematin-le-journaliste-quitte-france-2-pour\" rel=\"nofollow noopener\" target=\"_blank\">Julien Arnaud, lui, a quitt\u00e9 le service public pour BMFTV<\/a>. <\/p>\n<p>      Mentionn\u00e9s dans cet article<\/p>\n<p>\u00c0 lire aussi<\/p>\n","protected":false},"excerpt":{"rendered":"R\u00e9sum\u00e9 Laura Tenoudji r\u00e9v\u00e8le que l\u2019\u00e9viction de Flavie Flament et Julien Arnaud de T\u00e9l\u00e9matin r\u00e9sulte d\u2019un duo manquant&hellip;\n","protected":false},"author":2,"featured_media":244115,"comment_status":"","ping_status":"","sticky":false,"template":"","format":"standard","meta":{"footnotes":""},"categories":[1359],"tags":[33115,58,59,7844,1011,27,594,27440,35126,27441,973,12959],"class_list":{"0":"post-244114","1":"post","2":"type-post","3":"status-publish","4":"format-standard","5":"has-post-thumbnail","7":"category-people","8":"tag-damien-thevenot","9":"tag-divertissement","10":"tag-entertainment","11":"tag-flavie-flament","12":"tag-fr","13":"tag-france","14":"tag-france-2","15":"tag-julien-arnaud","16":"tag-laura-tenoudji","17":"tag-maya-lauque","18":"tag-people","19":"tag-telematin"},"share_on_mastodon":{"url":"https:\/\/pubeurope.com\/@fr\/114838441972129823","error":""},"_links":{"self":[{"href":"https:\/\/www.europesays.com\/fr\/wp-json\/wp\/v2\/posts\/244114","targetHints":{"allow":["GET"]}}],"collection":[{"href":"https:\/\/www.europesays.com\/fr\/wp-json\/wp\/v2\/posts"}],"about":[{"href":"https:\/\/www.europesays.com\/fr\/wp-json\/wp\/v2\/types\/post"}],"author":[{"embeddable":true,"href":"https:\/\/www.europesays.com\/fr\/wp-json\/wp\/v2\/users\/2"}],"replies":[{"embeddable":true,"href":"https:\/\/www.europesays.com\/fr\/wp-json\/wp\/v2\/comments?post=244114"}],"version-history":[{"count":0,"href":"https:\/\/www.europesays.com\/fr\/wp-json\/wp\/v2\/posts\/244114\/revisions"}],"wp:featuredmedia":[{"embeddable":true,"href":"https:\/\/www.europesays.com\/fr\/wp-json\/wp\/v2\/media\/244115"}],"wp:attachment":[{"href":"https:\/\/www.europesays.com\/fr\/wp-json\/wp\/v2\/media?parent=244114"}],"wp:term":[{"taxonomy":"category","embeddable":true,"href":"https:\/\/www.europesays.com\/fr\/wp-json\/wp\/v2\/categories?post=244114"},{"taxonomy":"post_tag","embeddable":true,"href":"https:\/\/www.europesays.com\/fr\/wp-json\/wp\/v2\/tags?post=244114"}],"curies":[{"name":"wp","href":"https:\/\/api.w.org\/{rel}","templated":true}]}}