{"id":244116,"date":"2025-07-12T04:45:36","date_gmt":"2025-07-12T04:45:36","guid":{"rendered":"https:\/\/www.europesays.com\/fr\/244116\/"},"modified":"2025-07-12T04:45:36","modified_gmt":"2025-07-12T04:45:36","slug":"au-coeur-de-lhistoire-virginie-girod","status":"publish","type":"post","link":"https:\/\/www.europesays.com\/fr\/244116\/","title":{"rendered":"Au C\u0153ur de l&rsquo;Histoire &#8211; Virginie Girod"},"content":{"rendered":"<p>D\u00e9couvrez l\u2019Histoire de France et du monde avec l\u2019historienne Virginie Girod dans cette nouvelle saison du podcast Au C\u0153ur de l\u2019Histoire ! Embarquez pour un voyage dans le temps in\u00e9dit sur fond de musiques originales, pour une immersion totale \u00e0 la mani\u00e8re de la fiction audio. Virginie Girod met en lumi\u00e8re des personnages historiques inspirants et l\u00e8ve le voile sur des \u00e9poques essentielles de l\u2019Histoire. \u00a0Origines des guerres, complots, vies d\u2019artistes, politiciens, pionniers, retrouvez de nouveaux \u00e9pisodes tous les jours sur une vari\u00e9t\u00e9 de sujets allant de l\u2019Antiquit\u00e9 \u00e0 nos jours. \u00a0Les lundis, mardis, jeudis et vendredis, plongez dans des r\u00e9cits 100% immersifs, puis chaque mercredi et samedi Virginie Girod vous propose une interview in\u00e9dite avec un invit\u00e9 historien, chercheur, journaliste, pour en apprendre encore plus. \u00a0Au C\u0153ur de l\u2019Histoire est une production Europe 1 Studio.\u00a0\u00a0<\/p>\n","protected":false},"excerpt":{"rendered":"D\u00e9couvrez l\u2019Histoire de France et du monde avec l\u2019historienne Virginie Girod dans cette nouvelle saison du podcast Au&hellip;\n","protected":false},"author":2,"featured_media":244117,"comment_status":"","ping_status":"","sticky":false,"template":"","format":"standard","meta":{"footnotes":""},"categories":[1358],"tags":[1348,1384,1385,1386,58,59,1011,27],"class_list":{"0":"post-244116","1":"post","2":"type-post","3":"status-publish","4":"format-standard","5":"has-post-thumbnail","7":"category-arts-et-design","8":"tag-arts","9":"tag-arts-and-design","10":"tag-arts-et-design","11":"tag-design","12":"tag-divertissement","13":"tag-entertainment","14":"tag-fr","15":"tag-france"},"share_on_mastodon":{"url":"https:\/\/pubeurope.com\/@fr\/114838445997645798","error":""},"_links":{"self":[{"href":"https:\/\/www.europesays.com\/fr\/wp-json\/wp\/v2\/posts\/244116","targetHints":{"allow":["GET"]}}],"collection":[{"href":"https:\/\/www.europesays.com\/fr\/wp-json\/wp\/v2\/posts"}],"about":[{"href":"https:\/\/www.europesays.com\/fr\/wp-json\/wp\/v2\/types\/post"}],"author":[{"embeddable":true,"href":"https:\/\/www.europesays.com\/fr\/wp-json\/wp\/v2\/users\/2"}],"replies":[{"embeddable":true,"href":"https:\/\/www.europesays.com\/fr\/wp-json\/wp\/v2\/comments?post=244116"}],"version-history":[{"count":0,"href":"https:\/\/www.europesays.com\/fr\/wp-json\/wp\/v2\/posts\/244116\/revisions"}],"wp:featuredmedia":[{"embeddable":true,"href":"https:\/\/www.europesays.com\/fr\/wp-json\/wp\/v2\/media\/244117"}],"wp:attachment":[{"href":"https:\/\/www.europesays.com\/fr\/wp-json\/wp\/v2\/media?parent=244116"}],"wp:term":[{"taxonomy":"category","embeddable":true,"href":"https:\/\/www.europesays.com\/fr\/wp-json\/wp\/v2\/categories?post=244116"},{"taxonomy":"post_tag","embeddable":true,"href":"https:\/\/www.europesays.com\/fr\/wp-json\/wp\/v2\/tags?post=244116"}],"curies":[{"name":"wp","href":"https:\/\/api.w.org\/{rel}","templated":true}]}}