{"id":244133,"date":"2025-07-12T04:55:11","date_gmt":"2025-07-12T04:55:11","guid":{"rendered":"https:\/\/www.europesays.com\/fr\/244133\/"},"modified":"2025-07-12T04:55:11","modified_gmt":"2025-07-12T04:55:11","slug":"un-ouvrier-agricole-decede-lors-dune-descente-de-la-police-de-limmigration-pres-de-los-angeles","status":"publish","type":"post","link":"https:\/\/www.europesays.com\/fr\/244133\/","title":{"rendered":"Un ouvrier agricole d\u00e9c\u00e8de lors d&rsquo;une descente de la police de l&rsquo;immigration pr\u00e8s de Los Angeles"},"content":{"rendered":"<p class=\"fig-paragraph\">Un ouvrier agricole est mort apr\u00e8s avoir \u00e9t\u00e9 bless\u00e9 lors d&rsquo;une descente de la police de l&rsquo;immigration pr\u00e8s de Los Angeles, dans des fermes l\u00e9gales de cannabis o\u00f9 des heurts entre agents et manifestants ont eu lieu, a annonc\u00e9 vendredi un syndicat agricole am\u00e9ricain. \u00abNous avons le regret de confirmer qu&rsquo;un travailleur agricole est d\u00e9c\u00e9d\u00e9 des suites de blessures subies lors de l&rsquo;op\u00e9ration de contr\u00f4le de l&rsquo;immigration men\u00e9e hier\u00bb, a expliqu\u00e9 sur X l&rsquo;organisation United Farm Workers.<\/p>\n<p class=\"fig-paragraph\">L&rsquo;op\u00e9ration a eu lieu jeudi \u00e0 Carpinteria et Camarillo, deux communes rurales du comt\u00e9 de Ventura, situ\u00e9es \u00e0 un peu plus d&rsquo;une heure de route de Los Angeles. Les agents f\u00e9d\u00e9raux ont \u00abarr\u00eat\u00e9 environ 200 \u00e9trangers en situation irr\u00e9guli\u00e8re sur les deux sites\u00bb, et \u00abont essuy\u00e9 des coups de feu\u00bb de la part d&rsquo;un tireur \u00abtoujours en fuite\u00bb, a pr\u00e9cis\u00e9 le minist\u00e8re de la S\u00e9curit\u00e9 int\u00e9rieure dans un communiqu\u00e9.<\/p>\n","protected":false},"excerpt":{"rendered":"Un ouvrier agricole est mort apr\u00e8s avoir \u00e9t\u00e9 bless\u00e9 lors d&rsquo;une descente de la police de l&rsquo;immigration pr\u00e8s&hellip;\n","protected":false},"author":2,"featured_media":244134,"comment_status":"","ping_status":"","sticky":false,"template":"","format":"standard","meta":{"footnotes":""},"categories":[5],"tags":[11,1011,27,14,6116,12,28],"class_list":{"0":"post-244133","1":"post","2":"type-post","3":"status-publish","4":"format-standard","5":"has-post-thumbnail","7":"category-international","8":"tag-actualites","9":"tag-fr","10":"tag-france","11":"tag-international","12":"tag-los-angeles","13":"tag-news","14":"tag-world"},"share_on_mastodon":{"url":"https:\/\/pubeurope.com\/@fr\/114838485257245254","error":""},"_links":{"self":[{"href":"https:\/\/www.europesays.com\/fr\/wp-json\/wp\/v2\/posts\/244133","targetHints":{"allow":["GET"]}}],"collection":[{"href":"https:\/\/www.europesays.com\/fr\/wp-json\/wp\/v2\/posts"}],"about":[{"href":"https:\/\/www.europesays.com\/fr\/wp-json\/wp\/v2\/types\/post"}],"author":[{"embeddable":true,"href":"https:\/\/www.europesays.com\/fr\/wp-json\/wp\/v2\/users\/2"}],"replies":[{"embeddable":true,"href":"https:\/\/www.europesays.com\/fr\/wp-json\/wp\/v2\/comments?post=244133"}],"version-history":[{"count":0,"href":"https:\/\/www.europesays.com\/fr\/wp-json\/wp\/v2\/posts\/244133\/revisions"}],"wp:featuredmedia":[{"embeddable":true,"href":"https:\/\/www.europesays.com\/fr\/wp-json\/wp\/v2\/media\/244134"}],"wp:attachment":[{"href":"https:\/\/www.europesays.com\/fr\/wp-json\/wp\/v2\/media?parent=244133"}],"wp:term":[{"taxonomy":"category","embeddable":true,"href":"https:\/\/www.europesays.com\/fr\/wp-json\/wp\/v2\/categories?post=244133"},{"taxonomy":"post_tag","embeddable":true,"href":"https:\/\/www.europesays.com\/fr\/wp-json\/wp\/v2\/tags?post=244133"}],"curies":[{"name":"wp","href":"https:\/\/api.w.org\/{rel}","templated":true}]}}