{"id":244139,"date":"2025-07-12T04:58:10","date_gmt":"2025-07-12T04:58:10","guid":{"rendered":"https:\/\/www.europesays.com\/fr\/244139\/"},"modified":"2025-07-12T04:58:10","modified_gmt":"2025-07-12T04:58:10","slug":"le-debut-dune-nouvelle-ere-esperee-aux-bruneaux","status":"publish","type":"post","link":"https:\/\/www.europesays.com\/fr\/244139\/","title":{"rendered":"le d\u00e9but d\u2019une nouvelle \u00e8re esp\u00e9r\u00e9e aux Bruneaux"},"content":{"rendered":"<p>\u00ab\u00a0L\u2019id\u00e9e est que les Appelous se r\u00e9approprient le parc des Bruneaux.\u00a0\u00bb Julien Luya, le maire de Firminy, entend faire du lundi 14\u00a0juillet une journ\u00e9e festive qui doit permettre aux habitants de prendre l\u2019habitude de venir profiter du lieu. La Ville organise \u00e0 nouveau un pique-nique citoyen.<\/p>\n<p>L\u2019an dernier, deux cents personnes \u00e9taient venues lors de la premi\u00e8re \u00e9dition, pendant laquelle les jeux pour enfants avaient \u00e9t\u00e9 inaugur\u00e9s. Cette fois, ce sera l\u2019occasion de profiter de nouveaux am\u00e9nagements effectu\u00e9s lors d\u2019une deuxi\u00e8me phase de travaux. Une troisi\u00e8me s\u2019ouvrira. C\u2019est le d\u00e9but d\u2019une nouvelle \u00e8re attendue \u00e0 l\u2019aire des Bruneaux&#8230;.<\/p>\n","protected":false},"excerpt":{"rendered":"\u00ab\u00a0L\u2019id\u00e9e est que les Appelous se r\u00e9approprient le parc des Bruneaux.\u00a0\u00bb Julien Luya, le maire de Firminy, entend&hellip;\n","protected":false},"author":2,"featured_media":244140,"comment_status":"","ping_status":"","sticky":false,"template":"","format":"standard","meta":{"footnotes":""},"categories":[9653],"tags":[1111,11,2430,1687,7539,1777,674,3326,10282,10283,1011,27,12,25,4001,104,1631],"class_list":{"0":"post-244139","1":"post","2":"type-post","3":"status-publish","4":"format-standard","5":"has-post-thumbnail","7":"category-saint-etienne","8":"tag-actu","9":"tag-actualites","10":"tag-auvergne-rhone-alpes","11":"tag-culture-loisirs","12":"tag-edition-loire-sud","13":"tag-eu","14":"tag-europe","15":"tag-fete-locale","16":"tag-firminy","17":"tag-firminy-ville","18":"tag-fr","19":"tag-france","20":"tag-news","21":"tag-republique-francaise","22":"tag-saint-etienne","23":"tag-societe","24":"tag-vie-associative"},"share_on_mastodon":{"url":"https:\/\/pubeurope.com\/@fr\/114838497073816588","error":""},"_links":{"self":[{"href":"https:\/\/www.europesays.com\/fr\/wp-json\/wp\/v2\/posts\/244139","targetHints":{"allow":["GET"]}}],"collection":[{"href":"https:\/\/www.europesays.com\/fr\/wp-json\/wp\/v2\/posts"}],"about":[{"href":"https:\/\/www.europesays.com\/fr\/wp-json\/wp\/v2\/types\/post"}],"author":[{"embeddable":true,"href":"https:\/\/www.europesays.com\/fr\/wp-json\/wp\/v2\/users\/2"}],"replies":[{"embeddable":true,"href":"https:\/\/www.europesays.com\/fr\/wp-json\/wp\/v2\/comments?post=244139"}],"version-history":[{"count":0,"href":"https:\/\/www.europesays.com\/fr\/wp-json\/wp\/v2\/posts\/244139\/revisions"}],"wp:featuredmedia":[{"embeddable":true,"href":"https:\/\/www.europesays.com\/fr\/wp-json\/wp\/v2\/media\/244140"}],"wp:attachment":[{"href":"https:\/\/www.europesays.com\/fr\/wp-json\/wp\/v2\/media?parent=244139"}],"wp:term":[{"taxonomy":"category","embeddable":true,"href":"https:\/\/www.europesays.com\/fr\/wp-json\/wp\/v2\/categories?post=244139"},{"taxonomy":"post_tag","embeddable":true,"href":"https:\/\/www.europesays.com\/fr\/wp-json\/wp\/v2\/tags?post=244139"}],"curies":[{"name":"wp","href":"https:\/\/api.w.org\/{rel}","templated":true}]}}