{"id":244141,"date":"2025-07-12T04:59:15","date_gmt":"2025-07-12T04:59:15","guid":{"rendered":"https:\/\/www.europesays.com\/fr\/244141\/"},"modified":"2025-07-12T04:59:15","modified_gmt":"2025-07-12T04:59:15","slug":"saint-etienne-si-les-halles-mazerat-redeviennent-populaires-ce-sera-vraiment-une-tres-bonne-chose","status":"publish","type":"post","link":"https:\/\/www.europesays.com\/fr\/244141\/","title":{"rendered":"Saint-\u00c9tienne. \u00ab\u00a0Si les Halles Mazerat redeviennent populaires, ce sera vraiment une tr\u00e8s bonne chose\u00a0\u00bb"},"content":{"rendered":"<p>Les St\u00e9phanois venus acheter leur journal au Diplomate place Badouill\u00e8re, ce vendredi matin, parlaient davantage du hacker du HPL, qui affirme avoir d\u00e9rob\u00e9 <a href=\"https:\/\/www.leprogres.fr\/faits-divers-justice\/2025\/07\/10\/les-donnees-de-530-000-patients-derobees-l-argent-est-la-motivation-explique-le-hacker\" target=\"_blank\" rel=\"noopener\">les dossiers de plus de 500\u00a0000 patients<\/a>, que de la reprise des Halles Mazerat par La Commune.<\/p>\n<p>Mais, lorsque le sujet est \u00e9voqu\u00e9, le sourire revient sur les visages. \u00ab\u00a0\u00c7a, c\u2019est une bonne nouvelle. Cette r\u00e9ouverture va ramener des clients. Depuis la fermeture des Halles, j\u2019ai d\u2019ailleurs ressenti une baisse de la client\u00e8le, surtout les vendredis et samedis soir \u00bb, explique le g\u00e9rant du bar-tabac-presse.<\/p>\n<p>Au Domaine des saveurs, situ\u00e9 au 43 rue Gambetta, la nouvelle suscite, en revanche, tr\u00e8s peu de commentaires. \u00ab\u00a0En fait, depuis la fermeture, on a davantage de clients qu\u2019avant. Moi, je suis tr\u00e8s bien ici et, si la proposition de m\u2019installer l\u00e0-bas m\u2019est faite, je&#8230;<\/p>\n","protected":false},"excerpt":{"rendered":"Les St\u00e9phanois venus acheter leur journal au Diplomate place Badouill\u00e8re, ce vendredi matin, parlaient davantage du hacker du&hellip;\n","protected":false},"author":2,"featured_media":244142,"comment_status":"","ping_status":"","sticky":false,"template":"","format":"standard","meta":{"footnotes":""},"categories":[9653],"tags":[1111,11,2430,4406,33,7539,1777,674,107,1011,27,3367,12,25,4001,7538,4604],"class_list":{"0":"post-244141","1":"post","2":"type-post","3":"status-publish","4":"format-standard","5":"has-post-thumbnail","7":"category-saint-etienne","8":"tag-actu","9":"tag-actualites","10":"tag-auvergne-rhone-alpes","11":"tag-commerce-et-services","12":"tag-economie","13":"tag-edition-loire-sud","14":"tag-eu","15":"tag-europe","16":"tag-fil-info","17":"tag-fr","18":"tag-france","19":"tag-loire","20":"tag-news","21":"tag-republique-francaise","22":"tag-saint-etienne","23":"tag-saint-etienne-ville","24":"tag-selection-abonne"},"share_on_mastodon":{"url":"https:\/\/pubeurope.com\/@fr\/114838500956649303","error":""},"_links":{"self":[{"href":"https:\/\/www.europesays.com\/fr\/wp-json\/wp\/v2\/posts\/244141","targetHints":{"allow":["GET"]}}],"collection":[{"href":"https:\/\/www.europesays.com\/fr\/wp-json\/wp\/v2\/posts"}],"about":[{"href":"https:\/\/www.europesays.com\/fr\/wp-json\/wp\/v2\/types\/post"}],"author":[{"embeddable":true,"href":"https:\/\/www.europesays.com\/fr\/wp-json\/wp\/v2\/users\/2"}],"replies":[{"embeddable":true,"href":"https:\/\/www.europesays.com\/fr\/wp-json\/wp\/v2\/comments?post=244141"}],"version-history":[{"count":0,"href":"https:\/\/www.europesays.com\/fr\/wp-json\/wp\/v2\/posts\/244141\/revisions"}],"wp:featuredmedia":[{"embeddable":true,"href":"https:\/\/www.europesays.com\/fr\/wp-json\/wp\/v2\/media\/244142"}],"wp:attachment":[{"href":"https:\/\/www.europesays.com\/fr\/wp-json\/wp\/v2\/media?parent=244141"}],"wp:term":[{"taxonomy":"category","embeddable":true,"href":"https:\/\/www.europesays.com\/fr\/wp-json\/wp\/v2\/categories?post=244141"},{"taxonomy":"post_tag","embeddable":true,"href":"https:\/\/www.europesays.com\/fr\/wp-json\/wp\/v2\/tags?post=244141"}],"curies":[{"name":"wp","href":"https:\/\/api.w.org\/{rel}","templated":true}]}}