{"id":244153,"date":"2025-07-12T05:10:10","date_gmt":"2025-07-12T05:10:10","guid":{"rendered":"https:\/\/www.europesays.com\/fr\/244153\/"},"modified":"2025-07-12T05:10:10","modified_gmt":"2025-07-12T05:10:10","slug":"carte-on-vous-a-selectionne-10-feux-dartifice-du-14-juillet-a-voir-pres-de-grenoble","status":"publish","type":"post","link":"https:\/\/www.europesays.com\/fr\/244153\/","title":{"rendered":"CARTE. On vous a s\u00e9lectionn\u00e9 10 feux d&rsquo;artifice du 14-Juillet \u00e0 voir pr\u00e8s de Grenoble"},"content":{"rendered":"<p>            Par<br \/>\n        <strong><br \/>\n            <a href=\"https:\/\/actu.fr\/auteur\/lisa-rodrigues\" title=\"Consulter tous les articles de Lisa Rodrigues\" target=\"_blank\" rel=\"noopener\">Lisa Rodrigues<\/a><br \/>\n        <\/strong><\/p>\n<p>        Publi\u00e9 le<\/p>\n<p>            12 juil. 2025 \u00e0 7h02        <\/p>\n<p>C\u2019est une tradition dans de nombreuses communes pour le jour de la F\u00eate nationale : un <strong>feu d\u2019artifice<\/strong> tir\u00e9 pour le 14-Juillet. En <a href=\"https:\/\/actu.fr\/auvergne-rhone-alpes\/isere_38\" target=\"_blank\" rel=\"noopener\">Is\u00e8re<\/a>, plusieurs villes ont pr\u00e9vu leur spectacle pyrotechnique.<\/p>\n<p class=\" wall-content\">Long week-end oblige, certaines municipalit\u00e9s organisent leurs festivit\u00e9s <strong>d\u00e8s le dimanche 13 juillet<\/strong>. La r\u00e9daction vous a fait <strong>une s\u00e9lection<\/strong> de feux d\u2019artifice \u00e0 voir pr\u00e8s de Grenoble.<\/p>\n<p>Les feux d\u2019artifice et animations pr\u00e9vues<\/p>\n<p class=\" wall-content\">Voici la carte de la r\u00e9daction d\u2019actu Grenoble qui a s\u00e9lectionn\u00e9 10 feux d\u2019artifice du 14-Juillet \u00e0 voir pr\u00e8s de la capitale des Alpes :\u00a0<\/p>\n<p>    <a href=\"https:\/\/www.google.com\/maps\/d\/u\/0\/embed?mid=1hQZj6QnmSdrVaGWvOl1CMgthaXo2JHg&amp;ehbc=2E312F&amp;noprof=1\" title=\"Ouvrie le lien\" target=\"_blank\" rel=\"noopener\">Cliquez ici pour visualiser le contenu<\/a><\/p>\n<p class=\" wall-content\">Vous y retrouverez \u00e9galement les \u00e9v\u00e9nements et activit\u00e9s annexes organis\u00e9s dans les diff\u00e9rentes communes : bal populaire, animations pour les enfants\u2026<\/p>\n<p>Vid\u00e9os : en ce moment sur ActuLe programme \u00e0 Grenoble<\/p>\n<p class=\" wall-content\">\u00c0 <a href=\"https:\/\/actu.fr\/auvergne-rhone-alpes\/grenoble_38185\" target=\"_blank\" rel=\"noopener\">Grenoble<\/a>, les festivit\u00e9s d\u00e9marreront lundi 14 juillet, avec la c\u00e9r\u00e9monie officielle place Verdun, \u00e0 17 heures. Elle sera suivie d\u2019un d\u00e9fil\u00e9 militaire \u00e0 pied et motoris\u00e9.<\/p>\n<p>    <a href=\"https:\/\/www.google.com\/maps\/embed?pb=!1m18!1m12!1m3!1d1115.907245505989!2d5.731352743560588!3d45.18891652879406!2m3!1f0!2f0!3f0!3m2!1i1024!2i768!4f13.1!3m3!1m2!1s0x478af58c7d3e5199%3A0x1464ebe1c3c5e933!2sSquare%20de%20Verdun!5e0!3m2!1sfr!2sfr!4v1752150336055!5m2!1sfr!2sfr\" title=\"Ouvrie le lien\" target=\"_blank\" rel=\"noopener\">Cliquez ici pour visualiser le contenu<\/a><\/p>\n<p class=\" wall-content\">Ensuite, vient le temps de la f\u00eate. L\u2019ensemble des animations se d\u00e9roulera au <strong>parc Jean-Verlhac<\/strong>. D\u00e8s 17 heures, un stand de maquillage, des ateliers cr\u00e9atifs pour les enfants et un mur d\u2019escalade seront propos\u00e9s aux Grenoblois.<\/p>\n<p class=\" wall-content\">De 17h30 \u00e0 20h30, Balla Bangoura (Afro Mandingue) et Desertstreet (Blues du desert), assureront l\u2019ambiance musicale, y compris pendant le \u00ab\u00a0verre r\u00e9publicain\u00a0\u00bb \u00e0 18 heures. L\u2019orchestre Clin d\u2019\u0153il prendra la suite \u00e0 21 heures, jusqu\u2019au <strong>feu d\u2019artifice pr\u00e9vu \u00e0 22h30<\/strong>.<\/p>\n<p class=\" wall-content\">Le Secours populaire, lui, tiendra une buvette jusqu\u2019\u00e0 23 heures. Un espace restauration sera assur\u00e9 par plusieurs associations locales et foodtrucks.<\/p>\n<p class=\" wall-content\">Suivez toute l\u2019actualit\u00e9 de vos villes et m\u00e9dias favoris en vous inscrivant \u00e0 <a href=\"https:\/\/moncompte.actu.fr\" title=\"D\u00e9couvez Mon Actu\" rel=\"nofollow noopener\" data-trk=\"{&quot;cta&quot;:{&quot;action&quot;:&quot;https:\\\/\\\/moncompte.actu.fr&quot;,&quot;category&quot;:&quot;mon compte&quot;,&quot;from&quot;:&quot;article footer&quot;,&quot;name&quot;:&quot;Mon actu&quot;,&quot;type&quot;:&quot;cta&quot;}}\" target=\"_blank\">Mon Actu<\/a>.<\/p>\n<ul class=\"ac-article-tag wall-content\">\n<li><a href=\"https:\/\/actu.fr\/tag\/feu-dartifice\" data-trk=\"{&quot;cta&quot;:{&quot;action&quot;:&quot;Feu d&#039;artifice&quot;,&quot;category&quot;:&quot;tag&quot;,&quot;from&quot;:&quot;article footer&quot;,&quot;name&quot;:&quot;Feu d&#039;artifice&quot;,&quot;type&quot;:&quot;cta&quot;}}\" target=\"_blank\" rel=\"noopener\">#Feu d&rsquo;artifice<\/a><\/li>\n<li><a href=\"https:\/\/actu.fr\/tag\/vacances-scolaires\" data-trk=\"{&quot;cta&quot;:{&quot;action&quot;:&quot;Vacances scolaires&quot;,&quot;category&quot;:&quot;tag&quot;,&quot;from&quot;:&quot;article footer&quot;,&quot;name&quot;:&quot;Vacances scolaires&quot;,&quot;type&quot;:&quot;cta&quot;}}\" target=\"_blank\" rel=\"noopener\">#Vacances scolaires<\/a><\/li>\n<\/ul>\n","protected":false},"excerpt":{"rendered":"Par Lisa Rodrigues Publi\u00e9 le 12 juil. 2025 \u00e0 7h02 C\u2019est une tradition dans de nombreuses communes pour&hellip;\n","protected":false},"author":2,"featured_media":244154,"comment_status":"","ping_status":"","sticky":false,"template":"","format":"standard","meta":{"footnotes":""},"categories":[9566],"tags":[1111,11,2430,1777,674,16701,1011,27,2731,1652,12,25,3176],"class_list":{"0":"post-244153","1":"post","2":"type-post","3":"status-publish","4":"format-standard","5":"has-post-thumbnail","7":"category-grenoble","8":"tag-actu","9":"tag-actualites","10":"tag-auvergne-rhone-alpes","11":"tag-eu","12":"tag-europe","13":"tag-feu-dartifice","14":"tag-fr","15":"tag-france","16":"tag-grenoble","17":"tag-loisirs-culture","18":"tag-news","19":"tag-republique-francaise","20":"tag-vacances-scolaires"},"share_on_mastodon":{"url":"https:\/\/pubeurope.com\/@fr\/114838544411579456","error":""},"_links":{"self":[{"href":"https:\/\/www.europesays.com\/fr\/wp-json\/wp\/v2\/posts\/244153","targetHints":{"allow":["GET"]}}],"collection":[{"href":"https:\/\/www.europesays.com\/fr\/wp-json\/wp\/v2\/posts"}],"about":[{"href":"https:\/\/www.europesays.com\/fr\/wp-json\/wp\/v2\/types\/post"}],"author":[{"embeddable":true,"href":"https:\/\/www.europesays.com\/fr\/wp-json\/wp\/v2\/users\/2"}],"replies":[{"embeddable":true,"href":"https:\/\/www.europesays.com\/fr\/wp-json\/wp\/v2\/comments?post=244153"}],"version-history":[{"count":0,"href":"https:\/\/www.europesays.com\/fr\/wp-json\/wp\/v2\/posts\/244153\/revisions"}],"wp:featuredmedia":[{"embeddable":true,"href":"https:\/\/www.europesays.com\/fr\/wp-json\/wp\/v2\/media\/244154"}],"wp:attachment":[{"href":"https:\/\/www.europesays.com\/fr\/wp-json\/wp\/v2\/media?parent=244153"}],"wp:term":[{"taxonomy":"category","embeddable":true,"href":"https:\/\/www.europesays.com\/fr\/wp-json\/wp\/v2\/categories?post=244153"},{"taxonomy":"post_tag","embeddable":true,"href":"https:\/\/www.europesays.com\/fr\/wp-json\/wp\/v2\/tags?post=244153"}],"curies":[{"name":"wp","href":"https:\/\/api.w.org\/{rel}","templated":true}]}}