{"id":244155,"date":"2025-07-12T05:11:10","date_gmt":"2025-07-12T05:11:10","guid":{"rendered":"https:\/\/www.europesays.com\/fr\/244155\/"},"modified":"2025-07-12T05:11:10","modified_gmt":"2025-07-12T05:11:10","slug":"brevet-voici-quels-sont-les-meilleurs-colleges-de-grenoble-et-de-lisere-selon-ce-classement","status":"publish","type":"post","link":"https:\/\/www.europesays.com\/fr\/244155\/","title":{"rendered":"Brevet. Voici quels sont les meilleurs coll\u00e8ges de Grenoble et de l&rsquo;Is\u00e8re selon ce classement"},"content":{"rendered":"<p>            Par<br \/>\n        <strong><br \/>\n            <a href=\"https:\/\/actu.fr\/auteur\/julien-sournies\" title=\"Consulter tous les articles de Julien Sournies\" rel=\"nofollow noopener\" target=\"_blank\">Julien Sournies<\/a><br \/>\n        <\/strong><\/p>\n<p>        Publi\u00e9 le<\/p>\n<p>            12 juil. 2025 \u00e0 6h32        <\/p>\n<p>C\u2019est un palmar\u00e8s scrut\u00e9 \u00e0 chacune de ses sorties. Tandis que les r\u00e9sultats du brevet 2025 viennent de tomber, le magazine <a href=\"https:\/\/www.letudiant.fr\/classements\/classement-des-meilleurs-colleges\/departement-isere.html\" rel=\"nofollow noopener\" target=\"_blank\">L\u2019\u00c9tudiant<\/a> vient tout juste de d\u00e9voiler, ce mardi 8\u00a0juillet 2025, le classement des<strong> meilleurs coll\u00e8ges en France<\/strong>. Dans le d\u00e9tail, la hi\u00e9rarchie se base sur les r\u00e9sultats du brevet des coll\u00e8ges des trois pr\u00e9c\u00e9dentes ann\u00e9es (2024, 2023 et 2022), mais aussi sur les indicateurs de mixit\u00e9 sociale du minist\u00e8re de l\u2019\u00c9ducation nationale. <br \/>Voici quels sont les meilleurs \u00e9tablissements de <a href=\"https:\/\/actu.fr\/grenoble\/\" rel=\"nofollow noopener\" target=\"_blank\">Grenoble<\/a> et de l\u2019<a href=\"https:\/\/actu.fr\/auvergne-rhone-alpes\/isere_38\" rel=\"nofollow noopener\" target=\"_blank\">Is\u00e8re<\/a>.<\/p>\n<p>100\u2009% de r\u00e9ussite, mais pas de A\u2026<\/p>\n<p class=\" wall-content\">Pour ce faire, le magazine prend en compte <strong>quatre crit\u00e8res<\/strong> (le taux de r\u00e9ussite au brevet sur trois ans, la note moyenne \u00e0 l\u2019\u00e9crit du brevet en 2024, la valeur ajout\u00e9e ou la capacit\u00e9 \u00e0 faire progresser les \u00e9l\u00e8ves et l\u2019indicateur de mixit\u00e9 sociale), puis attribue une note sur 20 \u00e0 chaque \u00e9tablissement scolaire. Les laur\u00e9ats sont ensuite r\u00e9partis dans cinq groupes class\u00e9s par ordre de performance, de A \u00e0 E.<\/p>\n<p class=\" wall-content\">Sur les 13 coll\u00e8ges r\u00e9pertori\u00e9s \u00e0 Grenoble, <strong>aucun n\u2019est class\u00e9 en A<\/strong>. Voici les cinq meilleurs\u2009:<\/p>\n<ul class=\" wall-content\">\n<li><strong>Coll\u00e8ge priv\u00e9 Bayard (B)<\/strong>\u2009: taux de r\u00e9ussite au brevet sur 3\u00a0ans\u2009: 99,33\u2009%\u2009; note moyenne \u00e0 l\u2019\u00e9crit du brevet 2024\u00a0: 13,6<\/li>\n<li><strong>Coll\u00e8ge priv\u00e9 Externat Notre Dame (B)<\/strong>\u2009: taux de r\u00e9ussite au brevet sur 3\u00a0ans\u2009: 97,33\u2009%\u2009; note moyenne \u00e0 l\u2019\u00e9crit du brevet 2024\u00a0: 13,2<\/li>\n<li><strong>Coll\u00e8ge priv\u00e9 La Salle L\u2019Aigle Grenoble (B)<\/strong>\u2009: taux de r\u00e9ussite au brevet sur 3\u00a0ans\u2009: 99,00\u2009%\u2009; note moyenne \u00e0 l\u2019\u00e9crit du brevet 2024\u00a0: 14,9<\/li>\n<li><strong>Coll\u00e8ge Champollion<\/strong> <strong>(C)<\/strong>\u2009: taux de r\u00e9ussite au brevet sur 3\u00a0ans\u2009: 87,67\u2009%\u2009; note moyenne \u00e0 l\u2019\u00e9crit du brevet 2024\u00a0: 11,4<\/li>\n<li><strong>Coll\u00e8ge International Europole<\/strong> <strong>(C)<\/strong>\u2009: taux de r\u00e9ussite au brevet sur 3\u00a0ans\u2009: 100,00\u2009%\u2009; note moyenne \u00e0 l\u2019\u00e9crit du brevet 2024\u00a0: 14,7<\/li>\n<\/ul>\n<p>Des \u00e9tablissements class\u00e9s A en Is\u00e8re<\/p>\n<p class=\" wall-content\">Ailleurs, en Is\u00e8re, quelques \u00e9tablissements, en d\u00e9pit de r\u00e9sultats moins bons pour certains, sont tout de m\u00eame parvenus \u00e0 d\u00e9crocher un<strong> A<\/strong>. Les voici\u2009:<\/p>\n<ul class=\" wall-content\">\n<li><strong>Coll\u00e8ge Arc-en-Ciers \u2013 Les Aveni\u00e8res Veyrins-Thuellin<\/strong>\u2009: taux de r\u00e9ussite au brevet sur 3\u00a0ans\u2009: 89,33\u2009%\u2009; note moyenne \u00e0 l\u2019\u00e9crit du brevet 2024\u00a0: 11,6<\/li>\n<li><strong>Coll\u00e8ge De Peranche \u2013 Saint-Georges-d\u2019Esp\u00e9ranche<\/strong>\u2009: taux de r\u00e9ussite au brevet sur 3\u00a0ans\u2009: 91,00\u2009%\u2009; note moyenne \u00e0 l\u2019\u00e9crit du brevet 2024\u00a0: 12,6<\/li>\n<li><strong>Coll\u00e8ge Marcel-Chene \u2013 Pontcharra<\/strong>\u2009: taux de r\u00e9ussite au brevet sur 3\u00a0ans\u2009: 93,67\u2009%\u2009; note moyenne \u00e0 l\u2019\u00e9crit du brevet 2024\u00a0: 12,6<\/li>\n<li><strong>Coll\u00e8ge Pierre-Dubois \u2013 Seyssinet-Pariset<\/strong>\u2009: taux de r\u00e9ussite au brevet sur 3\u00a0ans\u2009: 93,67\u2009%\u2009; note moyenne \u00e0 l\u2019\u00e9crit du brevet 2024\u00a0: 10,8<\/li>\n<li><strong>Coll\u00e8ge priv\u00e9 Jeanne-D\u2019Arc<\/strong> \u2013 Le P\u00e9age-de-Roussillon\u2009: taux de r\u00e9ussite au brevet sur 3\u00a0ans\u2009: 98,00\u2009%\u2009; note moyenne \u00e0 l\u2019\u00e9crit du brevet 2024\u00a0: 12,5<\/li>\n<li><strong>Coll\u00e8ge priv\u00e9 Saint-Jean-Baptiste<\/strong> \u2013 Beaurepaire\u2009: taux de r\u00e9ussite au brevet sur 3\u00a0ans\u2009: 95,67\u2009%\u2009; note moyenne \u00e0 l\u2019\u00e9crit du brevet 2024\u00a0: 10,1<\/li>\n<li><strong>Coll\u00e8ge Robert-Desnos \u2013 Rives-sur-Fure<\/strong>\u2009: taux de r\u00e9ussite au brevet sur 3\u00a0ans\u2009: 90,00\u2009%\u2009; note moyenne \u00e0 l\u2019\u00e9crit du brevet 2024\u00a0: 11,3<\/li>\n<\/ul>\n<p class=\" wall-content\">Suivez toute l\u2019actualit\u00e9 de vos villes et m\u00e9dias favoris en vous inscrivant \u00e0 <a href=\"https:\/\/moncompte.actu.fr\" title=\"D\u00e9couvez Mon Actu\" rel=\"nofollow noopener\" data-trk=\"{&quot;cta&quot;:{&quot;action&quot;:&quot;https:\\\/\\\/moncompte.actu.fr&quot;,&quot;category&quot;:&quot;mon compte&quot;,&quot;from&quot;:&quot;article footer&quot;,&quot;name&quot;:&quot;Mon actu&quot;,&quot;type&quot;:&quot;cta&quot;}}\" target=\"_blank\">Mon Actu<\/a>.<\/p>\n","protected":false},"excerpt":{"rendered":"Par Julien Sournies Publi\u00e9 le 12 juil. 2025 \u00e0 6h32 C\u2019est un palmar\u00e8s scrut\u00e9 \u00e0 chacune de ses&hellip;\n","protected":false},"author":2,"featured_media":239621,"comment_status":"","ping_status":"","sticky":false,"template":"","format":"standard","meta":{"footnotes":""},"categories":[9566],"tags":[1111,11,2430,36556,1777,674,1011,27,2731,12,25,104],"class_list":{"0":"post-244155","1":"post","2":"type-post","3":"status-publish","4":"format-standard","5":"has-post-thumbnail","7":"category-grenoble","8":"tag-actu","9":"tag-actualites","10":"tag-auvergne-rhone-alpes","11":"tag-brevet-dnb","12":"tag-eu","13":"tag-europe","14":"tag-fr","15":"tag-france","16":"tag-grenoble","17":"tag-news","18":"tag-republique-francaise","19":"tag-societe"},"share_on_mastodon":{"url":"https:\/\/pubeurope.com\/@fr\/114838548134876856","error":""},"_links":{"self":[{"href":"https:\/\/www.europesays.com\/fr\/wp-json\/wp\/v2\/posts\/244155","targetHints":{"allow":["GET"]}}],"collection":[{"href":"https:\/\/www.europesays.com\/fr\/wp-json\/wp\/v2\/posts"}],"about":[{"href":"https:\/\/www.europesays.com\/fr\/wp-json\/wp\/v2\/types\/post"}],"author":[{"embeddable":true,"href":"https:\/\/www.europesays.com\/fr\/wp-json\/wp\/v2\/users\/2"}],"replies":[{"embeddable":true,"href":"https:\/\/www.europesays.com\/fr\/wp-json\/wp\/v2\/comments?post=244155"}],"version-history":[{"count":0,"href":"https:\/\/www.europesays.com\/fr\/wp-json\/wp\/v2\/posts\/244155\/revisions"}],"wp:featuredmedia":[{"embeddable":true,"href":"https:\/\/www.europesays.com\/fr\/wp-json\/wp\/v2\/media\/239621"}],"wp:attachment":[{"href":"https:\/\/www.europesays.com\/fr\/wp-json\/wp\/v2\/media?parent=244155"}],"wp:term":[{"taxonomy":"category","embeddable":true,"href":"https:\/\/www.europesays.com\/fr\/wp-json\/wp\/v2\/categories?post=244155"},{"taxonomy":"post_tag","embeddable":true,"href":"https:\/\/www.europesays.com\/fr\/wp-json\/wp\/v2\/tags?post=244155"}],"curies":[{"name":"wp","href":"https:\/\/api.w.org\/{rel}","templated":true}]}}