{"id":244156,"date":"2025-07-12T05:13:10","date_gmt":"2025-07-12T05:13:10","guid":{"rendered":"https:\/\/www.europesays.com\/fr\/244156\/"},"modified":"2025-07-12T05:13:10","modified_gmt":"2025-07-12T05:13:10","slug":"les-urgences-deja-regulees","status":"publish","type":"post","link":"https:\/\/www.europesays.com\/fr\/244156\/","title":{"rendered":"les Urgences (d\u00e9j\u00e0) r\u00e9gul\u00e9es !"},"content":{"rendered":"<p>Il ne fera pas bon tomber malade cet \u00e9t\u00e9 en Haute-Bretagne.<\/p>\n<p>En raison d\u2019une p\u00e9nurie de personnel, l\u2019<a href=\"https:\/\/www.facebook.com\/arsbretagne\" target=\"_blank\" rel=\"noopener\">ARS Bretagne<\/a> vient d\u2019annoncer ce jeudi 10 juillet que \u00ab\u00a0malgr\u00e9 les efforts de recrutement de m\u00e9decins,\u00a0\u00bb les Urgences des h\u00f4pitaux de Vitr\u00e9, Rennes, Saint-Malo, Foug\u00e8res, Redon (35) ainsi que celui de Dinan (22) seront r\u00e9gul\u00e9es \u00e0 partir du 15 juillet. Et cela est pr\u00e9vu pour durer jusqu\u2019au 1er octobre !<\/p>\n<p>Concr\u00e8tement, les Urgences de nuit seront renvoy\u00e9es vers le 15 de 18\u2009h\u200930 \u00e0 8\u2009h le lendemain, week-end compris. Il sera donc inutile de se pr\u00e9senter aux portes des services, celles-ci \u00e9tant ferm\u00e9es sur cette tranche horaire.<\/p>\n<p>Heureusement, un brin d\u2019humanit\u00e9 reste vivace car les Smur des \u00e9tablissements resteront op\u00e9rationnel 24\u2009h\/24 et 7 jours\/7 pour prendre en charge les urgences vitales. Les femmes enceintes seront \u00e9galement prises en charge suivant le parcours habituel.<\/p>\n<p>Pour la bobologie les maisons m\u00e9dicales de garde resteront, quant \u00e0 elle, ouvertes et accessibles sur appel du 15 du lundi au vendredi de 19\u2009h \u00e0 minuit, le samedi de 12\u2009h \u00e0 minuit et le dimanche de 8\u2009h \u00e0 minuit.<\/p>\n<p>Cr\u00e9dit photo : DR<br \/>[cc] Breizh-info.com, 2025, d\u00e9p\u00eaches libres de copie et de diffusion sous r\u00e9serve de mention et de lien vers la source d\u2019origine<\/p>\n","protected":false},"excerpt":{"rendered":"Il ne fera pas bon tomber malade cet \u00e9t\u00e9 en Haute-Bretagne. En raison d\u2019une p\u00e9nurie de personnel, l\u2019ARS&hellip;\n","protected":false},"author":2,"featured_media":244157,"comment_status":"","ping_status":"","sticky":false,"template":"","format":"standard","meta":{"footnotes":""},"categories":[2821],"tags":[1111,11,829,3472,1777,674,12854,1011,27,12,3086,584,25,3728,17485,6444,38390,18823,38391],"class_list":{"0":"post-244156","1":"post","2":"type-post","3":"status-publish","4":"format-standard","5":"has-post-thumbnail","7":"category-rennes","8":"tag-actu","9":"tag-actualites","10":"tag-bretagne","11":"tag-dinan","12":"tag-eu","13":"tag-europe","14":"tag-fougeres","15":"tag-fr","16":"tag-france","17":"tag-news","18":"tag-redon","19":"tag-rennes","20":"tag-republique-francaise","21":"tag-saint-malo","22":"tag-service-des-urgences","23":"tag-urgences","24":"tag-urgences-rennes","25":"tag-vitre","26":"tag-vitre-et-dinan"},"share_on_mastodon":{"url":"https:\/\/pubeurope.com\/@fr\/114838556070951876","error":""},"_links":{"self":[{"href":"https:\/\/www.europesays.com\/fr\/wp-json\/wp\/v2\/posts\/244156","targetHints":{"allow":["GET"]}}],"collection":[{"href":"https:\/\/www.europesays.com\/fr\/wp-json\/wp\/v2\/posts"}],"about":[{"href":"https:\/\/www.europesays.com\/fr\/wp-json\/wp\/v2\/types\/post"}],"author":[{"embeddable":true,"href":"https:\/\/www.europesays.com\/fr\/wp-json\/wp\/v2\/users\/2"}],"replies":[{"embeddable":true,"href":"https:\/\/www.europesays.com\/fr\/wp-json\/wp\/v2\/comments?post=244156"}],"version-history":[{"count":0,"href":"https:\/\/www.europesays.com\/fr\/wp-json\/wp\/v2\/posts\/244156\/revisions"}],"wp:featuredmedia":[{"embeddable":true,"href":"https:\/\/www.europesays.com\/fr\/wp-json\/wp\/v2\/media\/244157"}],"wp:attachment":[{"href":"https:\/\/www.europesays.com\/fr\/wp-json\/wp\/v2\/media?parent=244156"}],"wp:term":[{"taxonomy":"category","embeddable":true,"href":"https:\/\/www.europesays.com\/fr\/wp-json\/wp\/v2\/categories?post=244156"},{"taxonomy":"post_tag","embeddable":true,"href":"https:\/\/www.europesays.com\/fr\/wp-json\/wp\/v2\/tags?post=244156"}],"curies":[{"name":"wp","href":"https:\/\/api.w.org\/{rel}","templated":true}]}}