{"id":244158,"date":"2025-07-12T05:14:09","date_gmt":"2025-07-12T05:14:09","guid":{"rendered":"https:\/\/www.europesays.com\/fr\/244158\/"},"modified":"2025-07-12T05:14:09","modified_gmt":"2025-07-12T05:14:09","slug":"un-nouveau-restaurant-specialise-dans-la-cuisine-irakienne-vient-douvrir-dans-ce-quartier-de-strasbourg","status":"publish","type":"post","link":"https:\/\/www.europesays.com\/fr\/244158\/","title":{"rendered":"Un nouveau restaurant sp\u00e9cialis\u00e9 dans la cuisine irakienne vient d&rsquo;ouvrir dans ce quartier de Strasbourg"},"content":{"rendered":"<p>            Par<br \/>\n        <strong><br \/>\n            <a href=\"https:\/\/actu.fr\/auteur\/olivia-kouassi\" title=\"Consulter tous les articles de Olivia Kouassi\" rel=\"nofollow noopener\" target=\"_blank\">Olivia Kouassi<\/a><br \/>\n        <\/strong><\/p>\n<p>        Publi\u00e9 le<\/p>\n<p>            12 juil. 2025 \u00e0 7h02        <\/p>\n<p>Connaissez-vous la <strong>gastronomie irakienne<\/strong>\u2009? C\u2019est ce que propose le tout nouveau restaurant <strong>Purattu<\/strong> ouvert depuis le d\u00e9but du mois de juin au c\u0153ur de la <strong>Krutenau<\/strong> \u00e0 <strong>Strasbourg<\/strong> (<a href=\"https:\/\/actu.fr\/strasbourg\/\" rel=\"nofollow noopener\" target=\"_blank\">Bas-Rhin<\/a>).<\/p>\n<p>Sp\u00e9cialit\u00e9s irakiennes et libanaises<\/p>\n<p class=\" wall-content\">Saad Aneen, cog\u00e9rant de l\u2019\u00e9tablissement, a souhait\u00e9 proposer \u00e0 ses clients<strong> un voyage culinaire en Irak.<\/strong> Mais le restaurant sert \u00e9galement des sp\u00e9cialit\u00e9s libanaises, assez compl\u00e9mentaires. Tabbouleh, houmous, labn\u00e9 ou encore fatayers, vous retrouverez des recettes plut\u00f4t connues de la cuisine levantine.<\/p>\n<p>    <img   decoding=\"async\" loading=\"lazy\" src=\"https:\/\/www.europesays.com\/fr\/wp-content\/uploads\/2025\/07\/restaurant-purattu-strasbourg-6-960x640.jpg\" alt=\"Une des sp\u00e9cialit\u00e9s de Purattu, la souris d'agneau \u00e0 l'irakienne confite durant quatre heures.\" width=\"960\" height=\"640\"\/><br \/>\n    Une des sp\u00e9cialit\u00e9s de Purattu, la souris d\u2019agneau \u00e0 l\u2019irakienne confite durant quatre heures. (\u00a9Ivan Capecchi \/ actu Strasbourg)<\/p>\n<p class=\" wall-content\">Mais le restaurant se d\u00e9marque avec des <strong>sp\u00e9cialit\u00e9s<\/strong> comme sa souris d\u2019agneau aux \u00e9pices cuite durant quatre heures ou encore ses grillades \u00e0 l\u2019irakienne. \u00ab\u2009La qualit\u00e9 des plats est r\u00e9alis\u00e9e de mani\u00e8re professionnelle, je vous conseille vraiment d\u2019aller go\u00fbter \u00e7a\u2009\u00bb, s\u2019enthousiasme un internaute.<\/p>\n<p class=\" wall-content\">Le nom du restaurant Purattu, fait r\u00e9f\u00e9rence \u00e0 l\u2019Euphrate, fleuve qui traverse l\u2019Irak en langue akkadienne, une langue s\u00e9mitique parl\u00e9e dans l\u2019ancienne M\u00e9sopotamie.<\/p>\n<p>Vid\u00e9os : en ce moment sur ActuPurattu, 13 rue des Orphelins, tel\u2009: 06\u200928\u200947\u200924\u200954, email\u2009: <a href=\"https:\/\/actu.fr\/cdn-cgi\/l\/email-protection\" class=\"__cf_email__\" data-cfemail=\"8ffdeafcfbeefafdeee1fbfffafdeefbfbfacfe8e2eee6e3a1ece0e2\" rel=\"nofollow noopener\" target=\"_blank\">[email\u00a0protected]<\/a>.\u00a0Horaires\u2009: du lundi au vendredi\u2009: 12\u2009h \u00e0 14\u2009h\u200930, 18\u2009h\u200930 \u00e0 22\u2009h\u200930. Le week-end, de 12\u2009h \u00e0 14\u2009h\u200930, de 18\u2009h\u200930 \u00e0 23\u2009h\u200900<\/p>\n<p class=\" wall-content\">Suivez toute l\u2019actualit\u00e9 de vos villes et m\u00e9dias favoris en vous inscrivant \u00e0 <a href=\"https:\/\/moncompte.actu.fr\" title=\"D\u00e9couvez Mon Actu\" rel=\"nofollow noopener\" data-trk=\"{&quot;cta&quot;:{&quot;action&quot;:&quot;https:\\\/\\\/moncompte.actu.fr&quot;,&quot;category&quot;:&quot;mon compte&quot;,&quot;from&quot;:&quot;article footer&quot;,&quot;name&quot;:&quot;Mon actu&quot;,&quot;type&quot;:&quot;cta&quot;}}\" target=\"_blank\">Mon Actu<\/a>.<\/p>\n","protected":false},"excerpt":{"rendered":"Par Olivia Kouassi Publi\u00e9 le 12 juil. 2025 \u00e0 7h02 Connaissez-vous la gastronomie irakienne\u2009? C\u2019est ce que propose&hellip;\n","protected":false},"author":2,"featured_media":244159,"comment_status":"","ping_status":"","sticky":false,"template":"","format":"standard","meta":{"footnotes":""},"categories":[2820],"tags":[1111,11,1777,674,1011,27,1661,775,12,25,104,640],"class_list":{"0":"post-244158","1":"post","2":"type-post","3":"status-publish","4":"format-standard","5":"has-post-thumbnail","7":"category-strasbourg","8":"tag-actu","9":"tag-actualites","10":"tag-eu","11":"tag-europe","12":"tag-fr","13":"tag-france","14":"tag-gastronomie","15":"tag-grand-est","16":"tag-news","17":"tag-republique-francaise","18":"tag-societe","19":"tag-strasbourg"},"share_on_mastodon":{"url":"https:\/\/pubeurope.com\/@fr\/114838560061589689","error":""},"_links":{"self":[{"href":"https:\/\/www.europesays.com\/fr\/wp-json\/wp\/v2\/posts\/244158","targetHints":{"allow":["GET"]}}],"collection":[{"href":"https:\/\/www.europesays.com\/fr\/wp-json\/wp\/v2\/posts"}],"about":[{"href":"https:\/\/www.europesays.com\/fr\/wp-json\/wp\/v2\/types\/post"}],"author":[{"embeddable":true,"href":"https:\/\/www.europesays.com\/fr\/wp-json\/wp\/v2\/users\/2"}],"replies":[{"embeddable":true,"href":"https:\/\/www.europesays.com\/fr\/wp-json\/wp\/v2\/comments?post=244158"}],"version-history":[{"count":0,"href":"https:\/\/www.europesays.com\/fr\/wp-json\/wp\/v2\/posts\/244158\/revisions"}],"wp:featuredmedia":[{"embeddable":true,"href":"https:\/\/www.europesays.com\/fr\/wp-json\/wp\/v2\/media\/244159"}],"wp:attachment":[{"href":"https:\/\/www.europesays.com\/fr\/wp-json\/wp\/v2\/media?parent=244158"}],"wp:term":[{"taxonomy":"category","embeddable":true,"href":"https:\/\/www.europesays.com\/fr\/wp-json\/wp\/v2\/categories?post=244158"},{"taxonomy":"post_tag","embeddable":true,"href":"https:\/\/www.europesays.com\/fr\/wp-json\/wp\/v2\/tags?post=244158"}],"curies":[{"name":"wp","href":"https:\/\/api.w.org\/{rel}","templated":true}]}}