{"id":244162,"date":"2025-07-12T05:16:11","date_gmt":"2025-07-12T05:16:11","guid":{"rendered":"https:\/\/www.europesays.com\/fr\/244162\/"},"modified":"2025-07-12T05:16:11","modified_gmt":"2025-07-12T05:16:11","slug":"la-premiere-victoire-de-taille-contre-les-nazis-a-drap-le-boulevard-stalingrad-devient-le-boulevard-des-rives-du-paillon-des-opposants-regrettent-cette-decision","status":"publish","type":"post","link":"https:\/\/www.europesays.com\/fr\/244162\/","title":{"rendered":"\u00ab\u00a0La premi\u00e8re victoire de taille contre les nazis\u00a0\u00bb: \u00e0 Drap, le boulevard Stalingrad devient le boulevard des Rives du Paillon, des opposants regrettent cette d\u00e9cision"},"content":{"rendered":"<p>Une grande campagne d\u2019adressage a \u00e9t\u00e9 lanc\u00e9e par la ville de Drap, notamment pour se conformer \u00e0 la loi. Cette derni\u00e8re impose que chaque rue soit nomm\u00e9e, chaque maison num\u00e9rot\u00e9e. \u00ab\u00a0Il fallait une mise \u00e0 jour, car il y avait des probl\u00e8mes de distribution de courrier. Et pour les secours et l\u2019installation de la fibre, il faut des adresses et des num\u00e9ros pr\u00e9cis\u00a0\u00bb, argumente Robert Nardelli, le maire de la commune.<\/p>\n<p>En juin, une commission s\u2019est donc r\u00e9unie pour attribuer des noms aux rues qui n\u2019en avaient pas. Mais plus d\u2019une dizaine de rues d\u00e9j\u00e0 nomm\u00e9es, \u00ab\u00a0celles qui \u00e9taient sujettes au d\u00e9bat\u00a0\u00bb selon le maire, ont \u00e9galement \u00e9t\u00e9 rebaptis\u00e9es. La rue L\u00e9nine devient la rue Roger Cappellini (hommage \u00e0 une figure de Drap, r\u00e9cemment d\u00e9c\u00e9d\u00e9e), la place L\u00e9nine devient la place Louis Delfino (du nom d\u2019un aviateur qui a habit\u00e9 Drap, selon le maire). D\u2019autres voies ont \u00e9t\u00e9 l\u00e9g\u00e8rement modifi\u00e9es.<\/p>\n<p><strong>Le boulevard Stalingrad dispara\u00eet<\/strong><\/p>\n<p>Mais le plus gros point de crispation: le boulevard Stalingrad, devient le boulevard des Rives du Paillon. Ce qui n\u2019a pas manqu\u00e9 de faire bondir Alternative Communiste 06. \u00ab\u00a0La majorit\u00e9 regrette la victoire de Stalingrad?\u00a0\u00bb, s\u2019interroge le mouvement dans un communiqu\u00e9. \u00ab\u00a0Utiliser Stalingrad, ce n\u2019est pas juste montrer un attachement au communisme. <strong>C\u2019est aussi la premi\u00e8re victoire de taille contre les nazis<\/strong>\u00ab\u00a0, rappelle Philippe Pellegrini, ancien secr\u00e9taire d\u00e9partemental du parti communiste. La bataille de Stalingrad a en effet oppos\u00e9 les forces sovi\u00e9tiques aux nazis. En 1943, son issue favorable \u00e0 l\u2019URSS a vu la premi\u00e8re vraie d\u00e9faite allemande.<\/p>\n<p>En conseil municipal, l\u2019opposition s\u2019est interrog\u00e9e sur l\u2019utilit\u00e9 de cette d\u00e9cision. R\u00e9ponse d\u2019Alexandra Russo, adjointe au maire: \u00ab\u00a0La bataille de Stalingrad n\u2019est pas une fiert\u00e9 historique. <strong>Il ne faut plus mettre en avant ces grandes batailles du pass\u00e9<\/strong> qui ne sont pas des grands moments pour la France\u00a0\u00bb. Le maire, qui reconna\u00eet que son adjointe est \u00ab\u00a0all\u00e9e un peu loin dans ses propos\u00a0\u00bb, assume la d\u00e9cision, sans v\u00e9ritablement en expliquer l\u2019objectif. \u00ab\u00a0Chaque rue a \u00e9t\u00e9 pass\u00e9e en revue par une commission dans laquelle il y avait un membre de l\u2019opposition. En conseil municipal, personne ne s\u2019est oppos\u00e9 \u00e0 ces changements. Nous reprocher cette d\u00e9cision, c\u2019est faire des pol\u00e9miques politiques\u00a0\u00bb, tranche Robert Nardelli.<\/p>\n<blockquote>\n<p><strong>\u00ab\u00a0Les Drapois vont devoir faire des changements d\u2019adresse\u00a0\u00bb<\/strong><\/p>\n<\/blockquote>\n<p>Pour Sandrine Guglielmino, pas question de politique. Avec son groupe, l\u2019\u00e9lue d\u2019opposition s\u2019est abstenue lors du vote pour ne pas s\u2019opposer au projet global d\u2019adressage. Mais elle s\u2019inqui\u00e8te des d\u00e9marches que ces changements vont engendrer. \u00ab\u00a0C\u2019est un d\u00e9sagr\u00e9ment pour les Drapois qui r\u00e9sident \u00e0 cette adresse car il va falloir qu\u2019ils fassent des changements d\u2019adresse partout\u00a0\u00bb, pointe-t-elle. Entre 50 et 100 personnes pourraient impact\u00e9es, rien que pour le boulevard Stalingrad. La municipalit\u00e9 assure que toutes les d\u00e9marches seront gratuites.<\/p>\n","protected":false},"excerpt":{"rendered":"Une grande campagne d\u2019adressage a \u00e9t\u00e9 lanc\u00e9e par la ville de Drap, notamment pour se conformer \u00e0 la&hellip;\n","protected":false},"author":2,"featured_media":244163,"comment_status":"","ping_status":"","sticky":false,"template":"","format":"standard","meta":{"footnotes":""},"categories":[2819],"tags":[1111,11,1777,674,1011,27,12,2401,882,25,3366],"class_list":{"0":"post-244162","1":"post","2":"type-post","3":"status-publish","4":"format-standard","5":"has-post-thumbnail","7":"category-nice","8":"tag-actu","9":"tag-actualites","10":"tag-eu","11":"tag-europe","12":"tag-fr","13":"tag-france","14":"tag-news","15":"tag-nice","16":"tag-provence-alpes-cote-dazur","17":"tag-republique-francaise","18":"tag-vie-locale"},"share_on_mastodon":{"url":"https:\/\/pubeurope.com\/@fr\/114838567929194111","error":""},"_links":{"self":[{"href":"https:\/\/www.europesays.com\/fr\/wp-json\/wp\/v2\/posts\/244162","targetHints":{"allow":["GET"]}}],"collection":[{"href":"https:\/\/www.europesays.com\/fr\/wp-json\/wp\/v2\/posts"}],"about":[{"href":"https:\/\/www.europesays.com\/fr\/wp-json\/wp\/v2\/types\/post"}],"author":[{"embeddable":true,"href":"https:\/\/www.europesays.com\/fr\/wp-json\/wp\/v2\/users\/2"}],"replies":[{"embeddable":true,"href":"https:\/\/www.europesays.com\/fr\/wp-json\/wp\/v2\/comments?post=244162"}],"version-history":[{"count":0,"href":"https:\/\/www.europesays.com\/fr\/wp-json\/wp\/v2\/posts\/244162\/revisions"}],"wp:featuredmedia":[{"embeddable":true,"href":"https:\/\/www.europesays.com\/fr\/wp-json\/wp\/v2\/media\/244163"}],"wp:attachment":[{"href":"https:\/\/www.europesays.com\/fr\/wp-json\/wp\/v2\/media?parent=244162"}],"wp:term":[{"taxonomy":"category","embeddable":true,"href":"https:\/\/www.europesays.com\/fr\/wp-json\/wp\/v2\/categories?post=244162"},{"taxonomy":"post_tag","embeddable":true,"href":"https:\/\/www.europesays.com\/fr\/wp-json\/wp\/v2\/tags?post=244162"}],"curies":[{"name":"wp","href":"https:\/\/api.w.org\/{rel}","templated":true}]}}