{"id":244164,"date":"2025-07-12T05:17:14","date_gmt":"2025-07-12T05:17:14","guid":{"rendered":"https:\/\/www.europesays.com\/fr\/244164\/"},"modified":"2025-07-12T05:17:14","modified_gmt":"2025-07-12T05:17:14","slug":"nice-est-lune-des-villes-le-plus-appreciee-par-les-adeptes-de-ce-sport-a-la-mode","status":"publish","type":"post","link":"https:\/\/www.europesays.com\/fr\/244164\/","title":{"rendered":"Nice est l&rsquo;une des villes le plus appr\u00e9ci\u00e9e par les adeptes de ce sport \u00e0 la mode"},"content":{"rendered":"<p>            Par<br \/>\n        <strong><br \/>\n            <a href=\"https:\/\/actu.fr\/auteur\/thomas-blanc\" title=\"Consulter tous les articles de Thomas Blanc\" target=\"_blank\" rel=\"noopener\">Thomas Blanc<\/a><br \/>\n        <\/strong><\/p>\n<p>        Publi\u00e9 le<\/p>\n<p>            12 juil. 2025 \u00e0 6h24        <\/p>\n<p>Le <a href=\"https:\/\/actu.fr\/?s=Covid\" target=\"_blank\" rel=\"noopener\">Covid<\/a> a servi de tremplin \u00e0 la <strong>pratique de la randonn\u00e9e<\/strong>. En prenant 2019 comme ann\u00e9e de r\u00e9f\u00e9rence, chaque ann\u00e9e de la d\u00e9cennie 2020 a enregistr\u00e9 une progression du nombre de randonneurs, selon la F\u00e9d\u00e9ration fran\u00e7aise de <a href=\"https:\/\/actu.fr\/?s=randonn%C3%A9e\" target=\"_blank\" rel=\"noopener\">randonn\u00e9e<\/a>. D\u2019apr\u00e8s un classement \u00e9tabli par <a href=\"https:\/\/www.sportsshoes.com\/fr-fr\/advice\/hiking-hub\/trails-inspiration\/escapades-urbaines-meilleures-villes-pour-les-amateurs-de-randonnee\" target=\"_blank\" rel=\"noopener\">SportsShoes.com<\/a>, la ville de <a href=\"https:\/\/actu.fr\/?s=nice\" target=\"_blank\" rel=\"noopener\">Nice<\/a> aurait contribu\u00e9 \u00e0 cet essor.<\/p>\n<p>Nice sur le podium<\/p>\n<p class=\" wall-content\">L\u2019\u00e9tude de SportsShoes.com faite \u00e0 partir de donn\u00e9es relatives aux sentiers, incluant le nombre de randonn\u00e9es urbaines, leur note d\u2019\u00e9valuation moyenne et le nombre d\u2019\u00e9valuations sur <a href=\"https:\/\/www.alltrails.com\/\" target=\"_blank\" rel=\"noopener\">AllTrails.com<\/a> r\u00e9v\u00e8le que <strong>la ville est un bon spot<\/strong> pour ceux voulant user leurs baskets.<\/p>\n<p class=\" wall-content\">Avec une note de 67\/100, seules deux villes surpassent la capitale azur\u00e9enne sur ce terrain en France, Marseille et <a href=\"https:\/\/actu.fr\/?s=paris\" target=\"_blank\" rel=\"noopener\">Paris<\/a>, rien que \u00e7a. Les <strong>31 itin\u00e9raires de randonn\u00e9e que compte la ville<\/strong>, en bord de mer ou plus en altitude s\u00e9duisent les adeptes de ce sport d\u2019endurance.<\/p>\n<p class=\" wall-content\">Les itin\u00e9raires que propose Nice obtiennent <strong>une note moyenne de 4,4\/5<\/strong> sur AllTrails.com et ce sont en moyenne 223\u00a0personnes qui \u00e9valuent chacun de ses sentiers, un record en France.<\/p>\n<p>Du d\u00e9nivel\u00e9 \u00e0 la pelle<\/p>\n<p class=\" wall-content\">Bien que certains de ses itin\u00e9raires bordent la mer, notamment jusqu\u2019\u00e0 Villefranche, \u00e0 Nice <strong>il faudra surtout aimer la grimpette<\/strong>. Un itin\u00e9raire phare de la ville est sans doute celui menant au <strong>mont Boron<\/strong> \u00e0 l\u2019est de la ville avec son point culminant \u00e0 190\u00a0m\u00e8tres au-dessus de la mer.<\/p>\n<p>Vid\u00e9os : en ce moment sur Actu<\/p>\n<p class=\" wall-content\">Au nord, c\u2019est le <strong>mont Chauve qui offrira du d\u00e9fi aux marcheurs<\/strong>, ici c\u2019est 870\u00a0m\u00e8tres de d\u00e9nivel\u00e9 qui les attendent, avec une vue d\u00e9gag\u00e9e sur toute la ville.<\/p>\n<p class=\" wall-content\">Par ailleurs, les autres villes de <a href=\"https:\/\/actu.fr\/?s=paca\" target=\"_blank\" rel=\"noopener\">Provence-Alpes-C\u00f4te d\u2019Azur<\/a> ne sont pas en reste.<\/p>\n<p>Les autres villes de Paca dans le classement<\/p>\n<p class=\" wall-content\">Pour <a href=\"https:\/\/actu.fr\/?s=marseille\" target=\"_blank\" rel=\"noopener\">Marseille<\/a>, c\u2019est une razzia, <strong>elle se classe premi\u00e8re ville fran\u00e7aise<\/strong> en termes de nombre de sentiers (191) et d\u2019\u00e9valuation moyenne par les randonneurs (4,6\/5). Cela lui offre la premi\u00e8re place du classement fran\u00e7ais.<\/p>\n<p class=\" wall-content\">La cit\u00e9 phoc\u00e9enne caracole m\u00eame \u00e0 la deuxi\u00e8me place du classement europ\u00e9en, devant des villes comptant parmi les plus beaux paysages du continent comme Innsbruck en Autriche. Seule \u00c9dimbourg la d\u00e9passe avec la note de 89\/100.<\/p>\n<p class=\" wall-content\">La ville de <a href=\"https:\/\/actu.fr\/?s=Toulon\" target=\"_blank\" rel=\"noopener\">Toulon<\/a>, dans le <a href=\"https:\/\/actu.fr\/?s=Var\" target=\"_blank\" rel=\"noopener\">Var<\/a>, r\u00e9ussit \u00e0 accrocher la derni\u00e8re position de ce classement, la dixi\u00e8me. La ville comptant <strong>23 itin\u00e9raires de randonn\u00e9e not\u00e9e en moyenne 4,2\/5<\/strong> se distingue \u00ab\u2009par ses magnifiques sentiers \u00e0 flanc de colline tels que le sentier des cr\u00eates, avec des vues imprenables sur la <a href=\"https:\/\/actu.fr\/?s=mer+m%C3%A9diterran%C3%A9e\" target=\"_blank\" rel=\"noopener\">mer M\u00e9diterran\u00e9e<\/a>\u2009\u00bb d\u2019apr\u00e8s sportshoes.com.<\/p>\n<p class=\" wall-content\">Elle constitue donc un choix id\u00e9al pour les randonneurs en qu\u00eate de soleil.<\/p>\n<p class=\" wall-content\">Suivez toute l\u2019actualit\u00e9 de vos villes et m\u00e9dias favoris en vous inscrivant \u00e0 <a href=\"https:\/\/moncompte.actu.fr\" title=\"D\u00e9couvez Mon Actu\" rel=\"nofollow noopener\" data-trk=\"{&quot;cta&quot;:{&quot;action&quot;:&quot;https:\\\/\\\/moncompte.actu.fr&quot;,&quot;category&quot;:&quot;mon compte&quot;,&quot;from&quot;:&quot;article footer&quot;,&quot;name&quot;:&quot;Mon actu&quot;,&quot;type&quot;:&quot;cta&quot;}}\" target=\"_blank\">Mon Actu<\/a>.<\/p>\n","protected":false},"excerpt":{"rendered":"Par Thomas Blanc Publi\u00e9 le 12 juil. 2025 \u00e0 6h24 Le Covid a servi de tremplin \u00e0 la&hellip;\n","protected":false},"author":2,"featured_media":244165,"comment_status":"","ping_status":"","sticky":false,"template":"","format":"standard","meta":{"footnotes":""},"categories":[2819],"tags":[1111,11,1777,674,1011,27,1652,12,2401,882,7553,25,517],"class_list":{"0":"post-244164","1":"post","2":"type-post","3":"status-publish","4":"format-standard","5":"has-post-thumbnail","7":"category-nice","8":"tag-actu","9":"tag-actualites","10":"tag-eu","11":"tag-europe","12":"tag-fr","13":"tag-france","14":"tag-loisirs-culture","15":"tag-news","16":"tag-nice","17":"tag-provence-alpes-cote-dazur","18":"tag-randonnee","19":"tag-republique-francaise","20":"tag-sport"},"share_on_mastodon":{"url":"https:\/\/pubeurope.com\/@fr\/114838571754274630","error":""},"_links":{"self":[{"href":"https:\/\/www.europesays.com\/fr\/wp-json\/wp\/v2\/posts\/244164","targetHints":{"allow":["GET"]}}],"collection":[{"href":"https:\/\/www.europesays.com\/fr\/wp-json\/wp\/v2\/posts"}],"about":[{"href":"https:\/\/www.europesays.com\/fr\/wp-json\/wp\/v2\/types\/post"}],"author":[{"embeddable":true,"href":"https:\/\/www.europesays.com\/fr\/wp-json\/wp\/v2\/users\/2"}],"replies":[{"embeddable":true,"href":"https:\/\/www.europesays.com\/fr\/wp-json\/wp\/v2\/comments?post=244164"}],"version-history":[{"count":0,"href":"https:\/\/www.europesays.com\/fr\/wp-json\/wp\/v2\/posts\/244164\/revisions"}],"wp:featuredmedia":[{"embeddable":true,"href":"https:\/\/www.europesays.com\/fr\/wp-json\/wp\/v2\/media\/244165"}],"wp:attachment":[{"href":"https:\/\/www.europesays.com\/fr\/wp-json\/wp\/v2\/media?parent=244164"}],"wp:term":[{"taxonomy":"category","embeddable":true,"href":"https:\/\/www.europesays.com\/fr\/wp-json\/wp\/v2\/categories?post=244164"},{"taxonomy":"post_tag","embeddable":true,"href":"https:\/\/www.europesays.com\/fr\/wp-json\/wp\/v2\/tags?post=244164"}],"curies":[{"name":"wp","href":"https:\/\/api.w.org\/{rel}","templated":true}]}}