{"id":244169,"date":"2025-07-12T05:22:10","date_gmt":"2025-07-12T05:22:10","guid":{"rendered":"https:\/\/www.europesays.com\/fr\/244169\/"},"modified":"2025-07-12T05:22:10","modified_gmt":"2025-07-12T05:22:10","slug":"a-bordeaux-la-place-des-quinconces-est-elle-vraiment-la-plus-grande-place-deurope","status":"publish","type":"post","link":"https:\/\/www.europesays.com\/fr\/244169\/","title":{"rendered":"\u00c0 Bordeaux, la place des Quinconces est-elle vraiment \u00abla plus grande place d\u2019Europe\u00bb\u00a0?"},"content":{"rendered":"<p>La c\u00e9l\u00e8bre place bordelaise est souvent pr\u00e9sent\u00e9e comme la plus grande place de France&#8230; voire la plus grande place d\u2019Europe. Mais cette affirmation est-elle vraie\u00a0?<\/p>\n<p class=\"fig-paragraph\">Elle est au c\u0153ur de la ville de\u00a0<a href=\"https:\/\/www.lefigaro.fr\/bordeaux\/pres-de-bordeaux-les-parkings-des-plages-sont-desormais-equipes-de-cameras-pour-eviter-les-embouteillages-et-la-surpopulation-20250705?msockid=258c4318a154643d05395665a0ed65f9\" target=\"_blank\" data-fig-type=\"NewsFlash\" rel=\"noopener\" data-gtm-custom-categorie=\"navigation\" data-gtm-custom-action=\"crossclick\" data-gtm-custom-label=\"Contextuel\" data-gtm-event=\"customEventSPE\" data-fig-domain=\"LEFIGARO\">Bordeaux<\/a>, et accueille r\u00e9guli\u00e8rement des \u00e9v\u00e9nements en tout genre\u00a0: f\u00eate foraine, foires, brocantes, concerts, manifestations&#8230; Sa vocation\u00a0? \u00catre le th\u00e9\u00e2tre ouvert de la ville. Ces derniers mois, elle a vu les habitants du Port de la Lune se r\u00e9unir par milliers pour\u00a0<a href=\"https:\/\/www.lefigaro.fr\/bordeaux\/bordeaux-sur-la-place-des-quinconces-25-000-personnes-attendues-devant-des-stars-de-la-musique-electronique-ce-week-end-20250607?msockid=258c4318a154643d05395665a0ed65f9\" target=\"_blank\" data-fig-type=\"NewsFlash\" rel=\"noopener\" data-gtm-custom-categorie=\"navigation\" data-gtm-custom-action=\"crossclick\" data-gtm-custom-label=\"Contextuel\" data-gtm-event=\"customEventSPE\" data-fig-domain=\"LEFIGARO\">un festival de musique \u00e9lectronique<\/a>, mais aussi pour\u00a0<a href=\"https:\/\/www.lefigaro.fr\/bordeaux\/on-est-les-rois-d-europe-sur-la-place-des-quinconces-de-bordeaux-25-000-supporters-de-l-ubb-ont-vibre-pour-leurs-champions-20250524?msockid=258c4318a154643d05395665a0ed65f9\" target=\"_blank\" data-fig-type=\"NewsFlash\" rel=\"noopener\" data-gtm-custom-categorie=\"navigation\" data-gtm-custom-action=\"crossclick\" data-gtm-custom-label=\"Contextuel\" data-gtm-event=\"customEventSPE\" data-fig-domain=\"LEFIGARO\">supporter leur \u00e9quipe de rugby<\/a>. Le 28 juin dernier, 25.000 fans de l\u2019Union Bordeaux-B\u00e8gles ont vibr\u00e9, malgr\u00e9 la d\u00e9faite, devant un \u00e9cran g\u00e9ant install\u00e9 pour la finale de Top 14. Ce soir-l\u00e0, le speaker scande\u00a0: \u00abNous sommes tous r\u00e9unis sur la plus grande place d\u2019Europe\u00a0!\u00bb. Mais est-ce r\u00e9ellement le cas\u00a0? Le Figaro a v\u00e9rifi\u00e9 pour vous.<\/p>\n<p class=\"fig-paragraph\">Entre le XVe et le XIXe si\u00e8cle, sur l\u2019emplacement actuel de la place des Quinconces se trouvait le Ch\u00e2teau Trompette, construit par le roi Charles VII apr\u00e8s la fin de\u00a0<a href=\"https:\/\/boutique.lefigaro.fr\/produit\/139734-la-guerre-de-cent-ans-guerre-feodale-guerre-nationale#:~:text=Les%20meilleurs%20sp%C3%A9cialistes%20r%C3%A9unis%20par%20Le%20Figaro%20Histoire,l%E2%80%99Etat%20royal%2C%20a%20donn%C3%A9%20naissance%20%C3%A0%20notre%20modernit%C3%A9.\" target=\"_blank\" rel=\"noopener\" data-gtm-custom-categorie=\"navigation\" data-gtm-custom-action=\"crossclick\" data-gtm-custom-label=\"Contextuel\" data-gtm-event=\"customEventSPE\">la guerre de Cent Ans (1337-1453)<\/a>, pour asseoir le pouvoir royal sur Bordeaux, ville r\u00e9cemment reprise aux Anglais. Au fil des si\u00e8cles, l\u2019\u00e9difice devient obsol\u00e8te sur le plan militaire et de plus en plus impopulaire aupr\u00e8s de la population. En 1816, pendant la Restauration, le Ch\u00e2teau Trompette est d\u00e9moli par d\u00e9cision du roi Louis XVIII. L\u2019espace d\u00e9gag\u00e9 ouvre la voie \u00e0 une grande place publique, pens\u00e9e comme un symbole de r\u00e9conciliation entre pouvoir royal et peuple bordelais.<\/p>\n<p>                                    <a class=\"fig-a11y-skip a11y-hidden\" href=\"#fig-a11y-skip-main-inarticle\"><br \/>\n        Passer la publicit\u00e9<br \/>\n    <\/a><\/p>\n<p class=\"fig-paragraph\">L\u2019am\u00e9nagement de la place commence apr\u00e8s la d\u00e9molition du ch\u00e2teau et s\u2019\u00e9tale sur une p\u00e9riode de dix ans, entre 1818 et 1828. Le plan d\u00e9finitif est arr\u00eat\u00e9 d\u00e8s 1816\u00a0: une vaste esplanade de forme rectangulaire, bord\u00e9e de plantations d\u2019arbres, s\u2019\u00e9tend de l\u2019h\u00e9micycle jusqu\u2019\u00e0 la Garonne. Les arbres y sont plant\u00e9s \u00aben quinconce\u00bb d\u00e8s 1818, ce qui donnera le nom \u00e0 la place. En 1829, deux grandes colonnes rostrales de style n\u00e9oclassique, symbolisant le commerce et la navigation, sont \u00e9rig\u00e9es \u00e0 l\u2019extr\u00e9mit\u00e9 de l\u2019esplanade, c\u00f4t\u00e9 fleuve.<\/p>\n<p>12 hectares<\/p>\n<p class=\"fig-paragraph\">Le Monument aux Girondins domine la place, qui mesure 150 m\u00e8tres de large et 300 m\u00e8tres de long. La partie centrale s\u2019\u00e9tend sur plus de 4 hectares, une surface semblable \u00e0 celle de la place de la Concorde \u00e0 Paris. Mais si l\u2019on mesure sa surface totale, en comptant les diff\u00e9rentes parties arboris\u00e9es, la place des Quinconces s\u2019\u00e9tend bien sur environ 12 hectares. Ce qui la classerait, en effet, dans les places les plus vastes d\u2019Europe.<\/p>\n<p>    En comptabilisant les parties arboris\u00e9es, la surface de la place des Quinconces atteint 12 hectares.<br \/>\n                JEAN-BERNARD NADEAU \/ Only France via AFP<\/p>\n<p class=\"fig-paragraph\">Elle devance notamment la place de la Parade situ\u00e9e \u00e0 Mannheim, en Allemagne (9,5 hectares), la place Rouge de Moscou (7,5 hectares) ou m\u00eame la place de la R\u00e9publique \u00e0 Paris (7 hectares). Mais, difficile d\u2019avoir le titre officiel de la plus grande place d\u2019Europe pour autant. La place de la Libert\u00e9, \u00e0 Kharkiv (Ukraine), mesure aussi 12 hectares. La Piazza Carlo di Borbone, grande place situ\u00e9e \u00e0 Caserte, dans la r\u00e9gion italienne de Campanie, serait plus grande et estim\u00e9e \u00e0 environ 13 hectares. Seulement, elle se dresse devant un palais, et peut \u00eatre davantage consid\u00e9r\u00e9e comme une esplanade que comme une v\u00e9ritable place. La place du D\u00e9fil\u00e9 de Varsovie (Pologne), elle, atteindrait environ 24 hectares au total, mais cette superficie inclut de vastes zones autour du palais, des rues, des parcs, et donc pas un espace d\u00e9gag\u00e9 unique, comme on peut retrouver \u00e0 Kharkiv, ou \u00e0 Bordeaux.<\/p>\n<p class=\"fig-paragraph\">Plus grande place d\u2019Europe ou pas, la place des Quinconces a vu 80.000 supporters de football f\u00eater le titre de champions de France des\u00a0<a href=\"https:\/\/www.lefigaro.fr\/sports\/football\/j-aimerais-vraiment-racheter-les-girondins-de-bordeaux-si-possible-l-annonce-surprise-de-l-artiste-dj-snake-20250706?msockid=258c4318a154643d05395665a0ed65f9\" target=\"_blank\" data-fig-type=\"NewsFlash\" rel=\"noopener\" data-gtm-custom-categorie=\"navigation\" data-gtm-custom-action=\"crossclick\" data-gtm-custom-label=\"Contextuel\" data-gtm-event=\"customEventSPE\" data-fig-domain=\"LEFIGARO\">Girondins<\/a>, le 30 mai 2009, ou encore 40.000 personnes danser au rythme des\u00a0<a href=\"http:\/\/www.lefigaro.fr\/culture\/pink-floyd-at-pompeii-le-film-qui-participe-au-mythe-du-groupe-enfin-restaure-20250501\" data-fig-type=\"Article\" data-gtm-custom-categorie=\"navigation\" data-gtm-custom-action=\"crossclick\" data-gtm-custom-label=\"Contextuel\" data-gtm-event=\"customEventSPE\" data-fig-domain=\"LEFIGARO\" target=\"_blank\" rel=\"noopener\">Pink Floyd<\/a>, le 11 ao\u00fbt 1994. Cet \u00e9t\u00e9, les touristes pourront admirer et grimper dans la grande roue, install\u00e9e r\u00e9guli\u00e8rement pr\u00e8s des colonnes rostrales, pour contempler le port de la Lune.<\/p>\n","protected":false},"excerpt":{"rendered":"La c\u00e9l\u00e8bre place bordelaise est souvent pr\u00e9sent\u00e9e comme la plus grande place de France&#8230; voire la plus grande&hellip;\n","protected":false},"author":2,"featured_media":244170,"comment_status":"","ping_status":"","sticky":false,"template":"","format":"standard","meta":{"footnotes":""},"categories":[2817],"tags":[1111,11,10285,1997,1777,674,1011,27,937,12,2219,25],"class_list":{"0":"post-244169","1":"post","2":"type-post","3":"status-publish","4":"format-standard","5":"has-post-thumbnail","7":"category-bordeaux","8":"tag-actu","9":"tag-actualites","10":"tag-amenagement-du-territoire","11":"tag-bordeaux","12":"tag-eu","13":"tag-europe","14":"tag-fr","15":"tag-france","16":"tag-histoire","17":"tag-news","18":"tag-nouvelle-aquitaine","19":"tag-republique-francaise"},"share_on_mastodon":{"url":"https:\/\/pubeurope.com\/@fr\/114838591433784309","error":""},"_links":{"self":[{"href":"https:\/\/www.europesays.com\/fr\/wp-json\/wp\/v2\/posts\/244169","targetHints":{"allow":["GET"]}}],"collection":[{"href":"https:\/\/www.europesays.com\/fr\/wp-json\/wp\/v2\/posts"}],"about":[{"href":"https:\/\/www.europesays.com\/fr\/wp-json\/wp\/v2\/types\/post"}],"author":[{"embeddable":true,"href":"https:\/\/www.europesays.com\/fr\/wp-json\/wp\/v2\/users\/2"}],"replies":[{"embeddable":true,"href":"https:\/\/www.europesays.com\/fr\/wp-json\/wp\/v2\/comments?post=244169"}],"version-history":[{"count":0,"href":"https:\/\/www.europesays.com\/fr\/wp-json\/wp\/v2\/posts\/244169\/revisions"}],"wp:featuredmedia":[{"embeddable":true,"href":"https:\/\/www.europesays.com\/fr\/wp-json\/wp\/v2\/media\/244170"}],"wp:attachment":[{"href":"https:\/\/www.europesays.com\/fr\/wp-json\/wp\/v2\/media?parent=244169"}],"wp:term":[{"taxonomy":"category","embeddable":true,"href":"https:\/\/www.europesays.com\/fr\/wp-json\/wp\/v2\/categories?post=244169"},{"taxonomy":"post_tag","embeddable":true,"href":"https:\/\/www.europesays.com\/fr\/wp-json\/wp\/v2\/tags?post=244169"}],"curies":[{"name":"wp","href":"https:\/\/api.w.org\/{rel}","templated":true}]}}