{"id":244175,"date":"2025-07-12T05:25:13","date_gmt":"2025-07-12T05:25:13","guid":{"rendered":"https:\/\/www.europesays.com\/fr\/244175\/"},"modified":"2025-07-12T05:25:13","modified_gmt":"2025-07-12T05:25:13","slug":"la-madeleine-le-bord-de-deule-ferme-pendant-un-mois-cet-ete-2025-voici-pourquoi","status":"publish","type":"post","link":"https:\/\/www.europesays.com\/fr\/244175\/","title":{"rendered":"La Madeleine. Le bord de De\u00fble ferm\u00e9 pendant un mois cet \u00e9t\u00e9 2025 : voici pourquoi"},"content":{"rendered":"<p>            Par<br \/>\n        <strong><br \/>\n            <a href=\"https:\/\/actu.fr\/auteur\/margot-nicodeme\" title=\"Consulter tous les articles de Margot Nicod\u00e8me\" rel=\"nofollow noopener\" target=\"_blank\">Margot Nicod\u00e8me<\/a><br \/>\n        <\/strong><\/p>\n<p>        Publi\u00e9 le<\/p>\n<p>            12 juil. 2025 \u00e0 6h12        <\/p>\n<p><b>Les bords de De\u00fble poursuivent leur mutation<\/b>, \u00e0 <a href=\"https:\/\/actu.fr\/hauts-de-france\/la-madeleine_59368\" rel=\"nofollow noopener\" target=\"_blank\">La Madeleine<\/a> (Nord). Un tron\u00e7on en particulier, celui qui part du pont Sainte-H\u00e9l\u00e8ne jusqu\u2019au pont ferroviaire \u00e0 peu pr\u00e8s,<b> a particuli\u00e8rement chang\u00e9 de visage, en l\u2019espace d\u2019un an et demi<\/b>. Il a \u00e9t\u00e9 <a href=\"https:\/\/actu.fr\/hauts-de-france\/la-madeleine_59368\/le-bord-de-deule-transforme-en-voie-verte-a-la-madeleine-des-deviations-pour-cyclistes-et-pietons_60902126.html\" rel=\"nofollow noopener\" target=\"_blank\">am\u00e9nag\u00e9 en voie verte<\/a>, et la friche qui le surplombe <a href=\"https:\/\/actu.fr\/hauts-de-france\/la-madeleine_59368\/a-la-madeleine-la-friche-qui-accueille-la-guinguette-a-lete-va-se-transformer-au-printemps_60840587.html\" rel=\"nofollow noopener\" target=\"_blank\">a \u00e9t\u00e9 r\u00e9habilit\u00e9e au printemps 2024<\/a>. Elle accueille tout l\u2019\u00e9t\u00e9 <a href=\"https:\/\/actu.fr\/hauts-de-france\/lille_59350\/lambersart-tourcoing-wambrechies-les-guinguettes-de-lete-dans-la-metropole-de-lille_62883231.html\" rel=\"nofollow noopener\" target=\"_blank\">la guinguette<\/a> de la ville. De nouvelles modifications du cadre vont survenir, et elles vont n\u00e9cessiter <b>de fermer le quai de la rive droite pendant un mois<\/b>.<\/p>\n<p>Le bord de De\u00fble \u00e0 La Madeleine ferm\u00e9 en journ\u00e9e pendant un mois cet \u00e9t\u00e9<\/p>\n<p class=\" wall-content\">Il s\u2019agit de travaux li\u00e9s au changement de l\u2019\u00e9clairage public. Le chemin qui longe ainsi toute la commune de La Madeleine sera<b> ferm\u00e9 du 15 juillet au 15 ao\u00fbt en journ\u00e9e, de 8h \u00e0 17h<\/b>.\u00a0<\/p>\n<p class=\" wall-content\">C\u2019est la soci\u00e9t\u00e9 Satelec qui est en charge de r\u00e9nover quelque \u00ab\u00a01 730 luminaires LEDS\u00a0\u00bb au total sur la commune, \u00ab\u00a0au point par point\u00a0\u00bb. Elle remplacera aussi 423 supports, \u00ab\u00a0pour atteindre l\u2019objectif de 77% d\u2019\u00e9conomie d\u2019\u00e9nergie pour la ville de La Madeleine\u00a0\u00bb, lit-on sur son site.\u00a0<\/p>\n<p class=\" wall-content\">Un cadre plus qualitatif, pour border <a href=\"https:\/\/actu.fr\/hauts-de-france\/la-madeleine_59368\/futur-pont-au-dessus-de-la-deule-devenir-du-chemin-de-promenade-circulation-les-riverains-preoccupes_62216030.html\" rel=\"nofollow noopener\" target=\"_blank\">le futur pont au-dessus de la De\u00fble<\/a>. De l\u2019autre c\u00f4t\u00e9, vers le parc de la Citadelle de Lille, un cheminement <a href=\"https:\/\/actu.fr\/hauts-de-france\/saint-andre-lez-lille_59527\/en-images-voie-verte-prolongee-creation-dune-promenade-haute-le-nouveau-visage-des-bords-de-deule_61627000.html\" rel=\"nofollow noopener\" target=\"_blank\">pour relier le bras de la Basse De\u00fble au Peuple belge<\/a>, sous le p\u00e9riph\u00e9rique Schuman, est en cours de finalisation. Le r\u00e9sultat d\u00e9finitif sera donn\u00e9 \u00e0 voir fin 2025.<\/p>\n<p class=\" wall-content\">Suivez toute l\u2019actualit\u00e9 de vos villes et m\u00e9dias favoris en vous inscrivant \u00e0 <a href=\"https:\/\/moncompte.actu.fr\" title=\"D\u00e9couvez Mon Actu\" rel=\"nofollow noopener\" data-trk=\"{&quot;cta&quot;:{&quot;action&quot;:&quot;https:\\\/\\\/moncompte.actu.fr&quot;,&quot;category&quot;:&quot;mon compte&quot;,&quot;from&quot;:&quot;article footer&quot;,&quot;name&quot;:&quot;Mon actu&quot;,&quot;type&quot;:&quot;cta&quot;}}\" target=\"_blank\">Mon Actu<\/a>.<\/p>\n","protected":false},"excerpt":{"rendered":"Par Margot Nicod\u00e8me Publi\u00e9 le 12 juil. 2025 \u00e0 6h12 Les bords de De\u00fble poursuivent leur mutation, \u00e0&hellip;\n","protected":false},"author":2,"featured_media":244176,"comment_status":"","ping_status":"","sticky":false,"template":"","format":"standard","meta":{"footnotes":""},"categories":[2815],"tags":[1111,11,579,1777,674,1011,27,811,1307,12,25,104,2086],"class_list":{"0":"post-244175","1":"post","2":"type-post","3":"status-publish","4":"format-standard","5":"has-post-thumbnail","7":"category-lille","8":"tag-actu","9":"tag-actualites","10":"tag-electricite","11":"tag-eu","12":"tag-europe","13":"tag-fr","14":"tag-france","15":"tag-hauts-de-france","16":"tag-lille","17":"tag-news","18":"tag-republique-francaise","19":"tag-societe","20":"tag-travaux"},"share_on_mastodon":{"url":"https:\/\/pubeurope.com\/@fr\/114838603305511227","error":""},"_links":{"self":[{"href":"https:\/\/www.europesays.com\/fr\/wp-json\/wp\/v2\/posts\/244175","targetHints":{"allow":["GET"]}}],"collection":[{"href":"https:\/\/www.europesays.com\/fr\/wp-json\/wp\/v2\/posts"}],"about":[{"href":"https:\/\/www.europesays.com\/fr\/wp-json\/wp\/v2\/types\/post"}],"author":[{"embeddable":true,"href":"https:\/\/www.europesays.com\/fr\/wp-json\/wp\/v2\/users\/2"}],"replies":[{"embeddable":true,"href":"https:\/\/www.europesays.com\/fr\/wp-json\/wp\/v2\/comments?post=244175"}],"version-history":[{"count":0,"href":"https:\/\/www.europesays.com\/fr\/wp-json\/wp\/v2\/posts\/244175\/revisions"}],"wp:featuredmedia":[{"embeddable":true,"href":"https:\/\/www.europesays.com\/fr\/wp-json\/wp\/v2\/media\/244176"}],"wp:attachment":[{"href":"https:\/\/www.europesays.com\/fr\/wp-json\/wp\/v2\/media?parent=244175"}],"wp:term":[{"taxonomy":"category","embeddable":true,"href":"https:\/\/www.europesays.com\/fr\/wp-json\/wp\/v2\/categories?post=244175"},{"taxonomy":"post_tag","embeddable":true,"href":"https:\/\/www.europesays.com\/fr\/wp-json\/wp\/v2\/tags?post=244175"}],"curies":[{"name":"wp","href":"https:\/\/api.w.org\/{rel}","templated":true}]}}