{"id":244179,"date":"2025-07-12T05:27:10","date_gmt":"2025-07-12T05:27:10","guid":{"rendered":"https:\/\/www.europesays.com\/fr\/244179\/"},"modified":"2025-07-12T05:27:10","modified_gmt":"2025-07-12T05:27:10","slug":"marseille-apres-une-semaine-ensoleillee-la-meteo-change-radicalement-les-previsions","status":"publish","type":"post","link":"https:\/\/www.europesays.com\/fr\/244179\/","title":{"rendered":"Marseille. Apr\u00e8s une semaine ensoleill\u00e9e, la m\u00e9t\u00e9o change radicalement : les pr\u00e9visions"},"content":{"rendered":"<p>            Par<br \/>\n        <strong><br \/>\n            <a href=\"https:\/\/actu.fr\/auteur\/thibault-nadal-actu-fr\" title=\"Consulter tous les articles de Thibault Nadal\" target=\"_blank\" rel=\"noopener\">Thibault Nadal<\/a><br \/>\n        <\/strong><\/p>\n<p>        Publi\u00e9 le<\/p>\n<p>            12 juil. 2025 \u00e0 6h38        <\/p>\n<p>Depuis <a href=\"https:\/\/actu.fr\/provence-alpes-cote-d-azur\/marseille_13055\/marseille-apres-la-canicule-la-meteo-va-radicalement-changer-voici-les-previsions_62862237.html\" target=\"_blank\" rel=\"noopener\">la fin de la canicule<\/a>, les Marseillais peuvent enfin respirer et profiter du soleil et de temp\u00e9ratures plus agr\u00e9ables pour vivre avec <strong>28\u00b0C en moyenne<\/strong>. Mais ce week-end, <a href=\"https:\/\/actu.fr\/marseille\/meteo\" target=\"_blank\" rel=\"noopener\">la m\u00e9t\u00e9o<\/a> change radicalement dans <a href=\"https:\/\/actu.fr\/marseille\/\" target=\"_blank\" rel=\"noopener\">la cit\u00e9 phoc\u00e9enne<\/a>.<\/p>\n<p class=\" wall-content\">Voici les pr\u00e9visions.<\/p>\n<p>De la pluie et des orages ce samedi<\/p>\n<p class=\" wall-content\">Apr\u00e8s un d\u00e9but d\u2019\u00e9t\u00e9 suffocant, le mercure a nettement chut\u00e9 cette semaine. Et cela devrait encore continuer ce week-end.<\/p>\n<p class=\" wall-content\">Ce samedi 12\u00a0juillet 2025, il <strong>ne d\u00e9passera pas les 24\u00b0C<\/strong> au plus fort de la journ\u00e9e. Mais surtout, <strong>la m\u00e9t\u00e9o sera instable<\/strong>. Pas de chance pour ceux qui avaient attendu le week-end apr\u00e8s une dure de semaine de travail. Le ciel sera voil\u00e9 toute la journ\u00e9e.<\/p>\n<p class=\" wall-content\">Selon <a href=\"https:\/\/actu.fr\/tag\/meteo-france\" target=\"_blank\" rel=\"noopener\">M\u00e9t\u00e9o-France<\/a>, des averses sont m\u00eame attendues dans la soir\u00e9e avant que de possibles orages ne viennent gronder en pleine nuit. L\u2019ensemble des <a href=\"https:\/\/actu.fr\/provence-alpes-cote-d-azur\/bouches-du-rhone_13\" target=\"_blank\" rel=\"noopener\">Bouches-du-Rh\u00f4ne<\/a> sera touch\u00e9.<\/p>\n<p>Vid\u00e9os : en ce moment sur ActuUn temps doux pour le 14\u00a0juillet<\/p>\n<p class=\" wall-content\">Mais cette journ\u00e9e restera un ph\u00e9nom\u00e8ne, car <strong>d\u00e8s dimanche, le soleil fera son retour<\/strong> sur Marseille avec 25\u00b0C dans l\u2019apr\u00e8s-midi.<\/p>\n<p class=\" wall-content\">Pour le 14\u00a0juillet ce lundi, <strong>quelques nuages<\/strong> viendront l\u00e9g\u00e8rement voiler le ciel, mais la m\u00e9t\u00e9o restera globalement agr\u00e9able pour profiter des festivit\u00e9s de la F\u00eate nationale.<\/p>\n<p class=\" wall-content\">La semaine prochaine devrait, elle, voir <strong>le retour de temp\u00e9ratures \u00e9lev\u00e9es avec plus de 30\u00b0C<\/strong> en moyenne et des nuits chaudes (autour de 26\u00b0C).<\/p>\n<p class=\" wall-content\">Suivez toute l\u2019actualit\u00e9 de vos villes et m\u00e9dias favoris en vous inscrivant \u00e0 <a href=\"https:\/\/moncompte.actu.fr\" title=\"D\u00e9couvez Mon Actu\" rel=\"nofollow noopener\" data-trk=\"{&quot;cta&quot;:{&quot;action&quot;:&quot;https:\\\/\\\/moncompte.actu.fr&quot;,&quot;category&quot;:&quot;mon compte&quot;,&quot;from&quot;:&quot;article footer&quot;,&quot;name&quot;:&quot;Mon actu&quot;,&quot;type&quot;:&quot;cta&quot;}}\" target=\"_blank\">Mon Actu<\/a>.<\/p>\n","protected":false},"excerpt":{"rendered":"Par Thibault Nadal Publi\u00e9 le 12 juil. 2025 \u00e0 6h38 Depuis la fin de la canicule, les Marseillais&hellip;\n","protected":false},"author":2,"featured_media":28583,"comment_status":"","ping_status":"","sticky":false,"template":"","format":"standard","meta":{"footnotes":""},"categories":[2814],"tags":[1111,11,1777,674,1011,27,884,2487,2357,12,4594,4459,882,25],"class_list":{"0":"post-244179","1":"post","2":"type-post","3":"status-publish","4":"format-standard","5":"has-post-thumbnail","7":"category-marseille","8":"tag-actu","9":"tag-actualites","10":"tag-eu","11":"tag-europe","12":"tag-fr","13":"tag-france","14":"tag-marseille","15":"tag-meteo","16":"tag-meteo-france","17":"tag-news","18":"tag-orages","19":"tag-pluie","20":"tag-provence-alpes-cote-dazur","21":"tag-republique-francaise"},"share_on_mastodon":{"url":"https:\/\/pubeurope.com\/@fr\/114838611130997383","error":""},"_links":{"self":[{"href":"https:\/\/www.europesays.com\/fr\/wp-json\/wp\/v2\/posts\/244179","targetHints":{"allow":["GET"]}}],"collection":[{"href":"https:\/\/www.europesays.com\/fr\/wp-json\/wp\/v2\/posts"}],"about":[{"href":"https:\/\/www.europesays.com\/fr\/wp-json\/wp\/v2\/types\/post"}],"author":[{"embeddable":true,"href":"https:\/\/www.europesays.com\/fr\/wp-json\/wp\/v2\/users\/2"}],"replies":[{"embeddable":true,"href":"https:\/\/www.europesays.com\/fr\/wp-json\/wp\/v2\/comments?post=244179"}],"version-history":[{"count":0,"href":"https:\/\/www.europesays.com\/fr\/wp-json\/wp\/v2\/posts\/244179\/revisions"}],"wp:featuredmedia":[{"embeddable":true,"href":"https:\/\/www.europesays.com\/fr\/wp-json\/wp\/v2\/media\/28583"}],"wp:attachment":[{"href":"https:\/\/www.europesays.com\/fr\/wp-json\/wp\/v2\/media?parent=244179"}],"wp:term":[{"taxonomy":"category","embeddable":true,"href":"https:\/\/www.europesays.com\/fr\/wp-json\/wp\/v2\/categories?post=244179"},{"taxonomy":"post_tag","embeddable":true,"href":"https:\/\/www.europesays.com\/fr\/wp-json\/wp\/v2\/tags?post=244179"}],"curies":[{"name":"wp","href":"https:\/\/api.w.org\/{rel}","templated":true}]}}