{"id":244182,"date":"2025-07-12T05:29:14","date_gmt":"2025-07-12T05:29:14","guid":{"rendered":"https:\/\/www.europesays.com\/fr\/244182\/"},"modified":"2025-07-12T05:29:14","modified_gmt":"2025-07-12T05:29:14","slug":"lyon-cest-quoi-cet-ilot-de-fraicheur-ecologiquement-exemplaire-cree-dans-ce-quartier","status":"publish","type":"post","link":"https:\/\/www.europesays.com\/fr\/244182\/","title":{"rendered":"Lyon. C&rsquo;est quoi cet \u00ab\u00a0\u00eelot de fra\u00eecheur \u00e9cologiquement exemplaire\u00a0\u00bb cr\u00e9\u00e9 dans ce quartier"},"content":{"rendered":"<p>            Par<br \/>\n        <strong><br \/>\n            <a href=\"https:\/\/actu.fr\/auteur\/theophile-blondet\" title=\"Consulter tous les articles de Theophile Blondet\" target=\"_blank\" rel=\"noopener\">Theophile Blondet<\/a><br \/>\n        <\/strong><\/p>\n<p>        Publi\u00e9 le<\/p>\n<p>            12 juil. 2025 \u00e0 6h04        <\/p>\n<p>C\u2019est la fin des travaux sur la place Vaclav-Havel. La Ville de Lyon et la <a href=\"https:\/\/actu.fr\/tag\/grand-lyon\" target=\"_blank\" rel=\"noopener\">M\u00e9tropole<\/a> ont inaugur\u00e9 ce mardi 8 juillet la fin des travaux sur cet espace du 7\u1d49 arrondissement de Lyon.<\/p>\n<p>2100 m2 de verdure plant\u00e9s<\/p>\n<p class=\" wall-content\">En chantier depuis 9 mois, cet espace, situ\u00e9 <a href=\"https:\/\/actu.fr\/tag\/gerland\" target=\"_blank\" rel=\"noopener\">dans le quartier des Girondins \u00e0 Gerland<\/a>, a \u00e9t\u00e9 pens\u00e9 \u00ab\u2009comme un \u00eelot de fra\u00eecheur v\u00e9g\u00e9talis\u00e9 et \u00e9cologiquement exemplaire\u2009\u00bb, pr\u00e9cise la M\u00e9tropole dans un communiqu\u00e9.<\/p>\n<p class=\" wall-content\">La structure du sol a \u00e9t\u00e9 repens\u00e9e pour mieux absorber l\u2019eau, ce qui permet une infiltration naturelle des eaux pluviales. De nombreux arbres ont \u00e9galement \u00e9t\u00e9 plant\u00e9s <strong>sur une surface de pr\u00e8s de 2100 m2.<\/strong><\/p>\n<p>    <a href=\"https:\/\/www.google.com\/maps\/embed?pb=!1m18!1m12!1m3!1d5569.1074802086705!2d4.83116775416334!3d45.74004367468546!2m3!1f0!2f0!3f0!3m2!1i1024!2i768!4f13.1!3m3!1m2!1s0x47f4ea30c42a4f47%3A0x6d330a39b584d0a3!2sPl.%20Vaclav%20Havel%2C%2069007%20Lyon!5e0!3m2!1sfr!2sfr!4v1752051448278!5m2!1sfr!2sfr\" title=\"Ouvrie le lien\" target=\"_blank\" rel=\"noopener\">Cliquez ici pour visualiser le contenu<\/a><\/p>\n<p>De la brumisation et des jeux int\u00e9gr\u00e9s<\/p>\n<p class=\" wall-content\">Au-del\u00e0 des 147 arbres plant\u00e9s, un syst\u00e8me de brumisation a \u00e9t\u00e9 int\u00e9gr\u00e9 sur la place. Vingt buses et trois rampes de brumes sont activables gr\u00e2ce \u00e0 un bouton et permettent ainsi de d\u00e9clencher un mur de brume qui rafra\u00eechit l\u2019air ambiant.<\/p>\n<p class=\" wall-content\">Un espace de jeux pour enfants a aussi \u00e9t\u00e9 construit sur la place, qui a \u00e9t\u00e9 modifi\u00e9e en lien avec les habitants.<\/p>\n<p>Vid\u00e9os : en ce moment sur Actu<\/p>\n<p class=\" wall-content\">En effet, dans le cadre d\u2019une concertation, un questionnaire a re\u00e7u pr\u00e8s de 1000 r\u00e9ponses, ce qui a permis de mieux recueillir et d\u00e9finir les volont\u00e9s des locaux.<\/p>\n<p><a class=\"jo-module-caroussel__img-container\" href=\"https:\/\/static.actu.fr\/uploads\/2025\/07\/place-vaclav-havel-izryhbg-2.png\" title=\"Agrandir la photo Les travaux de la place Vaclav Havel ont dur\u00e9 9 mois. (\u00a9 M\u00e9tropole de Lyon)\" data-idx=\"1\" target=\"_blank\" rel=\"noopener\"><br \/>\n    <img decoding=\"async\" class=\"jo-module-caroussel__img\" loading=\"lazy\" src=\"https:\/\/www.europesays.com\/fr\/wp-content\/uploads\/2025\/07\/place-vaclav-havel-izryhbg-2-640x427.png\" alt=\"Les travaux de la place Vaclav Havel ont dur\u00e9 9 mois. (\u00a9 M\u00e9tropole de Lyon)\" width=\"640\" height=\"427\"\/><\/a><a class=\"jo-module-caroussel__img-container\" href=\"https:\/\/static.actu.fr\/uploads\/2025\/07\/place-vaclav-havel-ichantierpng-1.png\" title=\"Agrandir la photo Voici l\u2019\u00e9tat du chantier au 16 juin 2025. (\u00a9 M\u00e9tropole de Lyon)\" data-idx=\"2\" target=\"_blank\" rel=\"noopener\"><br \/>\n    <img decoding=\"async\" class=\"jo-module-caroussel__img\" loading=\"lazy\" src=\"https:\/\/www.europesays.com\/fr\/wp-content\/uploads\/2025\/07\/place-vaclav-havel-ichantierpng-1-640x427.png\" alt=\"Voici l\u2019\u00e9tat du chantier au 16 juin 2025. (\u00a9 M\u00e9tropole de Lyon)\" width=\"640\" height=\"427\"\/><\/a>2,3\u00a0millions d\u2019euros de travaux<\/p>\n<p class=\" wall-content\">Financ\u00e9s notamment par la M\u00e9tropole et la Ville de Lyon, ces travaux ont dur\u00e9 pr\u00e8s de 9\u00a0mois et ont co\u00fbt\u00e9 2,3\u00a0millions d\u2019euros hors taxes aux collectivit\u00e9s.<\/p>\n<p class=\" wall-content\">\u00ab\u2009La place est con\u00e7ue comme un \u00eelot de fra\u00eecheur propice au vivre-ensemble\u2009\u00bb, note Bruno Bernard, pr\u00e9sident de la M\u00e9tropole de Lyon.<\/p>\n<p class=\" wall-content\">Suivez toute l\u2019actualit\u00e9 de vos villes et m\u00e9dias favoris en vous inscrivant \u00e0 <a href=\"https:\/\/moncompte.actu.fr\" title=\"D\u00e9couvez Mon Actu\" rel=\"nofollow noopener\" data-trk=\"{&quot;cta&quot;:{&quot;action&quot;:&quot;https:\\\/\\\/moncompte.actu.fr&quot;,&quot;category&quot;:&quot;mon compte&quot;,&quot;from&quot;:&quot;article footer&quot;,&quot;name&quot;:&quot;Mon actu&quot;,&quot;type&quot;:&quot;cta&quot;}}\" target=\"_blank\">Mon Actu<\/a>.<\/p>\n","protected":false},"excerpt":{"rendered":"Par Theophile Blondet Publi\u00e9 le 12 juil. 2025 \u00e0 6h04 C\u2019est la fin des travaux sur la place&hellip;\n","protected":false},"author":2,"featured_media":244183,"comment_status":"","ping_status":"","sticky":false,"template":"","format":"standard","meta":{"footnotes":""},"categories":[1889],"tags":[1111,11,2430,436,1777,674,1011,27,2808,2428,12,52,25,15097,2086],"class_list":{"0":"post-244182","1":"post","2":"type-post","3":"status-publish","4":"format-standard","5":"has-post-thumbnail","7":"category-lyon","8":"tag-actu","9":"tag-actualites","10":"tag-auvergne-rhone-alpes","11":"tag-environnement","12":"tag-eu","13":"tag-europe","14":"tag-fr","15":"tag-france","16":"tag-grand-lyon","17":"tag-lyon","18":"tag-news","19":"tag-planete","20":"tag-republique-francaise","21":"tag-solutions","22":"tag-travaux"},"share_on_mastodon":{"url":"https:\/\/pubeurope.com\/@fr\/114838619137526667","error":""},"_links":{"self":[{"href":"https:\/\/www.europesays.com\/fr\/wp-json\/wp\/v2\/posts\/244182","targetHints":{"allow":["GET"]}}],"collection":[{"href":"https:\/\/www.europesays.com\/fr\/wp-json\/wp\/v2\/posts"}],"about":[{"href":"https:\/\/www.europesays.com\/fr\/wp-json\/wp\/v2\/types\/post"}],"author":[{"embeddable":true,"href":"https:\/\/www.europesays.com\/fr\/wp-json\/wp\/v2\/users\/2"}],"replies":[{"embeddable":true,"href":"https:\/\/www.europesays.com\/fr\/wp-json\/wp\/v2\/comments?post=244182"}],"version-history":[{"count":0,"href":"https:\/\/www.europesays.com\/fr\/wp-json\/wp\/v2\/posts\/244182\/revisions"}],"wp:featuredmedia":[{"embeddable":true,"href":"https:\/\/www.europesays.com\/fr\/wp-json\/wp\/v2\/media\/244183"}],"wp:attachment":[{"href":"https:\/\/www.europesays.com\/fr\/wp-json\/wp\/v2\/media?parent=244182"}],"wp:term":[{"taxonomy":"category","embeddable":true,"href":"https:\/\/www.europesays.com\/fr\/wp-json\/wp\/v2\/categories?post=244182"},{"taxonomy":"post_tag","embeddable":true,"href":"https:\/\/www.europesays.com\/fr\/wp-json\/wp\/v2\/tags?post=244182"}],"curies":[{"name":"wp","href":"https:\/\/api.w.org\/{rel}","templated":true}]}}