{"id":244184,"date":"2025-07-12T05:30:25","date_gmt":"2025-07-12T05:30:25","guid":{"rendered":"https:\/\/www.europesays.com\/fr\/244184\/"},"modified":"2025-07-12T05:30:25","modified_gmt":"2025-07-12T05:30:25","slug":"pres-de-lyon-un-nouveau-radar-pour-proteger-une-piste-cyclable","status":"publish","type":"post","link":"https:\/\/www.europesays.com\/fr\/244184\/","title":{"rendered":"Pr\u00e8s de Lyon. Un nouveau radar pour prot\u00e9ger\u2026 une piste cyclable &#8211;"},"content":{"rendered":"<p>\t\t\t\t<img fetchpriority=\"high\" decoding=\"async\" width=\"900\" height=\"639\" src=\"https:\/\/www.europesays.com\/fr\/wp-content\/uploads\/2025\/07\/radar-route-de-paris.jpg\" alt=\"\" title=\"radar route de paris\"   class=\"wp-image-162615\"\/><\/p>\n<p>Photos Pascal Pi\u00e9rart et Lyon People <\/p>\n<p><strong>Texte\u00a0: Marco Polisson<\/strong> \u2013 Les industriels du radar se frottent les mains. En deux mois, ce sont 4 nouvelles machines \u00e0 cash qui ont fait leur apparition en r\u00e9gion lyonnaise.<\/p>\n<p>La faillite budg\u00e9taire de la France est av\u00e9r\u00e9e, la dette colossale confirm\u00e9e (3 345 milliards d\u2019euros), les services publics sont exsangues, mais curieusement il y a toujours du budget pour financer les op\u00e9rations de ponction financi\u00e8re des automobilistes, m\u00eame l\u00e0 o\u00f9 c\u2019est totalement inutile. .<\/p>\n<p>\u00ab Il est vrai que ces cabines repr\u00e9sentent une importante manne financi\u00e8re pour le gouvernement \u00bb soulignent nos confr\u00e8res d\u2019Auto Plus. Pour rappel, un radar de chantier coute la bagatelle de 36 000 euros contre 100 000 euros pour fixe. Et bien entendu, c\u2019est Nicolas qui paie.<\/p>\n<p><strong>Le nouveau radar flashe dans les deux sens<\/strong><\/p>\n<p>Un nouvel appareil de type chantier vient de faire son apparition dans l\u2019Ouest lyonnais \u00e0 hauteur de l\u2019intersection entre la route de Paris et l\u2019avenue de la Paix (entr\u00e9e Nord de la ville de Charbonni\u00e8res-les-Bains) apprend-on par voie de communiqu\u00e9.La vitesse est limit\u00e9e \u00e0 50 km\/heure.<\/p>\n<p><img loading=\"lazy\" decoding=\"async\" aria-describedby=\"caption-attachment-162617\" class=\"size-full wp-image-162617\" src=\"data:image\/svg+xml,%3Csvg%20xmlns=\" http:=\"\" alt=\"\" width=\"900\" height=\"629\" data-lazy- data-lazy- data-lazy-src=\"https:\/\/www.europesays.com\/fr\/wp-content\/uploads\/2025\/07\/Embouteillages-Tassin.jpg\"\/><\/p>\n<p id=\"caption-attachment-162617\" class=\"wp-caption-text\">La route de Paris est embouteill\u00e9e en permanence \u00e0 cause des travaux. A quoi sert ce radar ? Myst\u00e8re !<\/p>\n<p>Aucune ambigu\u00eft\u00e9 sur la man\u0153uvre\u00a0: la pr\u00e9f\u00e8te du Rh\u00f4ne annonce d\u2019embl\u00e9e qu\u2019il s\u2019agit \u00ab\u00a0de s\u00e9curiser la zone de chantier\u00a0\u00bb de la piste cyclable num\u00e9ro 8 en construction malgr\u00e9 l\u2019opposition des habitants et des collectivit\u00e9s concern\u00e9es.<\/p>\n<p><strong>Cette piste cyclable est construite en d\u00e9pit de l\u2019opposition des Charbonnois et des Tassulinois<\/strong><\/p>\n<p>\u00ab\u00a0Il est tr\u00e8s int\u00e9ressant de voir l\u2019Etat pr\u00eater une nouvelle fois main forte aux \u00e9cologistes, en encourageant \u2013 de facto \u2013 leurs collectivit\u00e9s dans leur politique de chasse aux automobilistes, sous couvert de s\u00e9curit\u00e9\u00a0\u00bb constate un \u00e9lu local.<\/p>\n<p>\u00ab\u00a0Il convient donc de s\u00e9curiser les pistes cyclables, mais en revanche, on n\u2019entend jamais parler de la s\u00e9curisation des autres modes de transport et des voies automobiles, alors m\u00eame que pompiers et ambulanciers peinent \u00e0 circuler pour remplir leurs missions (<a href=\"https:\/\/www.lyonpeople.com\/actualites-lyon\/lyon-pompiers-et-ambulanciers-victimes-du-chaos-cree-par-les-ecologistes-2025-03-10.html\" rel=\"nofollow noopener\" target=\"_blank\"><strong>voir le reportage de TF1, ic<\/strong><\/a>i).<\/p>\n<p>Sans parler de la s\u00e9curisation de la vie \u00e9conomique de nos commer\u00e7ants, artisans et entrepreneurs, dont les activit\u00e9s sont mises en danger chaque jour par les outrances \u00e9cologistes (v<strong><a style=\"color: #0000ff;\" href=\"https:\/\/www.lyonpeople.com\/actualites-lyon\/lyon-la-video-choc-sur-les-faillites-ecologistes-fait-un-carton-sur-youtube-2025-07-11.html\" rel=\"nofollow noopener\" target=\"_blank\">oir la vid\u00e9o choc de Vincent Lapierre<\/a><\/strong>). Sur ces sujets, c\u2019est silence radio\u00a0!\u00a0\u00bb conclut-il.<\/p>\n<p>Ses propos font (bon) sens alors que l\u2019installation de ce nouveau radar intervient quelques jours <a href=\"https:\/\/www.lyonpeople.com\/actualites-lyon\/lyon-un-nouveau-radar-flashe-sur-les-quais-de-saone-2025-06-29.html\" rel=\"nofollow noopener\" target=\"_blank\"><strong>apr\u00e8s celui du quai Tilsitt (Lyon 2),<\/strong><\/a> l\u00e0 encore en parfaite collaboration avec les khmers verts de la mairie de Lyon.<\/p>\n<p>Et ce ne sont pas les seuls. Quand vous arrivez sur Lyon par le viaduc de Sermenaz de l\u2019A46, <a href=\"https:\/\/www.lyonpeople.com\/actualites-lyon\/cash-machines-deux-nouveaux-radars-flashent-sur-la46-2025-04-14.html\" rel=\"nofollow noopener\" target=\"_blank\"><strong>deux radars chantiers flashent<\/strong><\/a> depuis le 10 avril 2025. Ouvrez l\u2019\u0153il\u00a0!<\/p>\n","protected":false},"excerpt":{"rendered":"Photos Pascal Pi\u00e9rart et Lyon People Texte\u00a0: Marco Polisson \u2013 Les industriels du radar se frottent les mains.&hellip;\n","protected":false},"author":2,"featured_media":244185,"comment_status":"","ping_status":"","sticky":false,"template":"","format":"standard","meta":{"footnotes":""},"categories":[1889],"tags":[4257,1111,11,2430,1777,674,1011,27,2428,12,38392,25],"class_list":{"0":"post-244184","1":"post","2":"type-post","3":"status-publish","4":"format-standard","5":"has-post-thumbnail","7":"category-lyon","8":"tag-0top","9":"tag-actu","10":"tag-actualites","11":"tag-auvergne-rhone-alpes","12":"tag-eu","13":"tag-europe","14":"tag-fr","15":"tag-france","16":"tag-lyon","17":"tag-news","18":"tag-radars-lyon","19":"tag-republique-francaise"},"share_on_mastodon":{"url":"https:\/\/pubeurope.com\/@fr\/114838622941724490","error":""},"_links":{"self":[{"href":"https:\/\/www.europesays.com\/fr\/wp-json\/wp\/v2\/posts\/244184","targetHints":{"allow":["GET"]}}],"collection":[{"href":"https:\/\/www.europesays.com\/fr\/wp-json\/wp\/v2\/posts"}],"about":[{"href":"https:\/\/www.europesays.com\/fr\/wp-json\/wp\/v2\/types\/post"}],"author":[{"embeddable":true,"href":"https:\/\/www.europesays.com\/fr\/wp-json\/wp\/v2\/users\/2"}],"replies":[{"embeddable":true,"href":"https:\/\/www.europesays.com\/fr\/wp-json\/wp\/v2\/comments?post=244184"}],"version-history":[{"count":0,"href":"https:\/\/www.europesays.com\/fr\/wp-json\/wp\/v2\/posts\/244184\/revisions"}],"wp:featuredmedia":[{"embeddable":true,"href":"https:\/\/www.europesays.com\/fr\/wp-json\/wp\/v2\/media\/244185"}],"wp:attachment":[{"href":"https:\/\/www.europesays.com\/fr\/wp-json\/wp\/v2\/media?parent=244184"}],"wp:term":[{"taxonomy":"category","embeddable":true,"href":"https:\/\/www.europesays.com\/fr\/wp-json\/wp\/v2\/categories?post=244184"},{"taxonomy":"post_tag","embeddable":true,"href":"https:\/\/www.europesays.com\/fr\/wp-json\/wp\/v2\/tags?post=244184"}],"curies":[{"name":"wp","href":"https:\/\/api.w.org\/{rel}","templated":true}]}}