{"id":244188,"date":"2025-07-12T05:33:10","date_gmt":"2025-07-12T05:33:10","guid":{"rendered":"https:\/\/www.europesays.com\/fr\/244188\/"},"modified":"2025-07-12T05:33:10","modified_gmt":"2025-07-12T05:33:10","slug":"les-visiteurs-de-notre-dame-de-paris-vont-bientot-pouvoir-beneficier-dun-panorama-exceptionnel","status":"publish","type":"post","link":"https:\/\/www.europesays.com\/fr\/244188\/","title":{"rendered":"Les visiteurs de Notre-Dame de Paris vont bient\u00f4t pouvoir b\u00e9n\u00e9ficier d&rsquo;un panorama exceptionnel"},"content":{"rendered":"<p>            Par<br \/>\n        <strong><br \/>\n            <a href=\"https:\/\/actu.fr\/auteur\/thomas-martin\" title=\"Consulter tous les articles de Thomas Martin\" rel=\"nofollow noopener\" target=\"_blank\">Thomas Martin<\/a><br \/>\n        <\/strong><\/p>\n<p>        Publi\u00e9 le<\/p>\n<p>            12 juil. 2025 \u00e0 6h54        <\/p>\n<p>Apr\u00e8s une <a href=\"https:\/\/actu.fr\/ile-de-france\/paris_75056\/larmes-applaudissements-reveil-de-l-orgue-que-retenir-de-la-ceremonie-de-reouverture-de-notre-dame-de-paris_61973130.html\" rel=\"nofollow noopener\" target=\"_blank\">r\u00e9ouverture<\/a> en grande pompe devant de nombreux chefs d\u2019\u00c9tat, le 7 d\u00e9cembre 2024, la <a href=\"https:\/\/actu.fr\/tag\/cathedrale-notre-dame-de-paris\" rel=\"nofollow noopener\" target=\"_blank\">cath\u00e9drale Notre-Dame de Paris<\/a> s\u2019appr\u00eate \u00e0 vivre une nouvelle \u00e9tape importante.\u00a0 Les visites de ses tours, d\u00e9vast\u00e9es par un <a href=\"https:\/\/actu.fr\/ile-de-france\/paris_75056\/incendie-de-notre-dame-les-images-avant-apres-de-la-cathedrale-on-retrouve-l-ame-du-quartier_60945185.html\" rel=\"nofollow noopener\" target=\"_blank\">incendie<\/a> en 2019, reprendront le 20 septembre, a r\u00e9cemment annonc\u00e9 le Centre des monuments nationaux (CMN) qui en assure la gestion.<br \/>\u00ab\u00a0Nous visons le 20 septembre prochain, \u00e0 l\u2019occasion des Journ\u00e9es europ\u00e9ennes du patrimoine\u00a0\u00bb, a d\u00e9clar\u00e9 sa pr\u00e9sidente Marie Lavandier dans un entretien au quotidien fran\u00e7ais <a href=\"https:\/\/www.ouest-france.fr\/culture\/patrimoine\/notre-dame-de-paris\/exclusif-les-tours-de-notre-dame-de-paris-rouvriront-le-20-septembre-dans-un-parcours-renouvele-00afd146-529e-11f0-9d8f-210ccc004fd7\" rel=\"nofollow noopener\" target=\"_blank\">Ouest-France<\/a>.<\/p>\n<p>\u00ab\u00a0Une immersion d\u2019une cinquantaine de minutes dans l\u2019architecture gothique\u00a0\u00bb<\/p>\n<p class=\" wall-content\">Les travaux de ces deux tours qui encadrent la fa\u00e7ade monumentale de l\u2019\u00e9difice ont principalement consist\u00e9 en des consolidations structurelles, notamment dans les beffrois endommag\u00e9s par le feu et sur la terrasse, situ\u00e9e \u00e0 69 m\u00e8tres de hauteur, pr\u00e9cise-t-elle.<\/p>\n<p class=\" wall-content\">Enti\u00e8rement r\u00e9am\u00e9nag\u00e9 pour \u00ab\u00a0\u00eatre plus fluide, enrichi et aux normes de s\u00e9curit\u00e9\u00a0\u00bb, le parcours \u00ab\u00a0propose une immersion d\u2019une cinquantaine de minutes dans l\u2019architecture gothique\u00a0\u00bb, a d\u00e9taill\u00e9 Mme Lavandier.<\/p>\n<p class=\" wall-content\">Le nouveau circuit d\u00e9butera dans la tour sud, o\u00f9 les visiteurs pourront d\u00e9couvrir dans une premi\u00e8re salle des maquettes expliquant la construction de la cath\u00e9drale mais \u00e9galement deux chim\u00e8res originales.<\/p>\n<p>\u00ab\u00a0Un panorama exceptionnel sur Paris et sur la fl\u00e8che\u00a0\u00bb<\/p>\n<p class=\" wall-content\">La visite se poursuit \u00e0 l\u2019\u00e9tage sup\u00e9rieur, o\u00f9 se trouve un escalier \u00e0 double r\u00e9volution circulaire en ch\u00eane, \u00ab\u00a0cr\u00e9ation in\u00e9dite des architectes en chef des monuments historiques\u00a0\u00bb, et se poursuit jusqu\u2019au sommet. A l\u2019issu des 424 marches, \u00ab\u00a0un panorama exceptionnel sur Paris et sur la fl\u00e8che\u00a0\u00bb attend les visiteurs.<\/p>\n<p>Vid\u00e9os : en ce moment sur Actu<\/p>\n<p class=\" wall-content\">En redescendant, ils passeront devant les bourdons avant de rejoindre la cour des citernes, qui relie les deux tours et offre une vue sur la charpente de la nef.<\/p>\n<p>    <a href=\"https:\/\/email.publihebdos.com\/form?lid=Mqc7o19yVDtMEo2FE8aUtw2\" title=\"Ouvrie le lien\" rel=\"nofollow noopener\" target=\"_blank\">Cliquez ici pour visualiser le contenu<\/a><\/p>\n<p class=\" wall-content\">La visite s\u2019ach\u00e8vera dans la tour nord restaur\u00e9e en 2023 et 2024, apr\u00e8s avoir travers\u00e9 le beffroi, accompagn\u00e9 d\u2019une cr\u00e9ation sonore originale.<\/p>\n<p class=\" wall-content\">La jauge sera limit\u00e9e \u00e0 400 000 visiteurs par an, contre 450 000 auparavant. Les billets seront mis en vente d\u00e9but septembre sur internet, au tarif de 16 euros, contre 10 euros avant l\u2019incendie.<\/p>\n<p class=\" wall-content\"><strong>AFP<\/strong><\/p>\n<p class=\" wall-content\">Suivez toute l\u2019actualit\u00e9 de vos villes et m\u00e9dias favoris en vous inscrivant \u00e0 <a href=\"https:\/\/moncompte.actu.fr\" title=\"D\u00e9couvez Mon Actu\" rel=\"nofollow noopener\" data-trk=\"{&quot;cta&quot;:{&quot;action&quot;:&quot;https:\\\/\\\/moncompte.actu.fr&quot;,&quot;category&quot;:&quot;mon compte&quot;,&quot;from&quot;:&quot;article footer&quot;,&quot;name&quot;:&quot;Mon actu&quot;,&quot;type&quot;:&quot;cta&quot;}}\" target=\"_blank\">Mon Actu<\/a>.<\/p>\n","protected":false},"excerpt":{"rendered":"Par Thomas Martin Publi\u00e9 le 12 juil. 2025 \u00e0 6h54 Apr\u00e8s une r\u00e9ouverture en grande pompe devant de&hellip;\n","protected":false},"author":2,"featured_media":244189,"comment_status":"","ping_status":"","sticky":false,"template":"","format":"standard","meta":{"footnotes":""},"categories":[1888],"tags":[1111,1928,11,1927,8777,1777,674,1011,27,1652,12,1926,626,1925,2551,25,2086],"class_list":{"0":"post-244188","1":"post","2":"type-post","3":"status-publish","4":"format-standard","5":"has-post-thumbnail","7":"category-paris","8":"tag-actu","9":"tag-actu-paris","10":"tag-actualites","11":"tag-actualites-paris","12":"tag-cathedrale-notre-dame-de-paris","13":"tag-eu","14":"tag-europe","15":"tag-fr","16":"tag-france","17":"tag-loisirs-culture","18":"tag-news","19":"tag-news-paris","20":"tag-paris","21":"tag-paris-news","22":"tag-patrimoine","23":"tag-republique-francaise","24":"tag-travaux"},"share_on_mastodon":{"url":"https:\/\/pubeurope.com\/@fr\/114838634890403979","error":""},"_links":{"self":[{"href":"https:\/\/www.europesays.com\/fr\/wp-json\/wp\/v2\/posts\/244188","targetHints":{"allow":["GET"]}}],"collection":[{"href":"https:\/\/www.europesays.com\/fr\/wp-json\/wp\/v2\/posts"}],"about":[{"href":"https:\/\/www.europesays.com\/fr\/wp-json\/wp\/v2\/types\/post"}],"author":[{"embeddable":true,"href":"https:\/\/www.europesays.com\/fr\/wp-json\/wp\/v2\/users\/2"}],"replies":[{"embeddable":true,"href":"https:\/\/www.europesays.com\/fr\/wp-json\/wp\/v2\/comments?post=244188"}],"version-history":[{"count":0,"href":"https:\/\/www.europesays.com\/fr\/wp-json\/wp\/v2\/posts\/244188\/revisions"}],"wp:featuredmedia":[{"embeddable":true,"href":"https:\/\/www.europesays.com\/fr\/wp-json\/wp\/v2\/media\/244189"}],"wp:attachment":[{"href":"https:\/\/www.europesays.com\/fr\/wp-json\/wp\/v2\/media?parent=244188"}],"wp:term":[{"taxonomy":"category","embeddable":true,"href":"https:\/\/www.europesays.com\/fr\/wp-json\/wp\/v2\/categories?post=244188"},{"taxonomy":"post_tag","embeddable":true,"href":"https:\/\/www.europesays.com\/fr\/wp-json\/wp\/v2\/tags?post=244188"}],"curies":[{"name":"wp","href":"https:\/\/api.w.org\/{rel}","templated":true}]}}