{"id":244190,"date":"2025-07-12T05:34:10","date_gmt":"2025-07-12T05:34:10","guid":{"rendered":"https:\/\/www.europesays.com\/fr\/244190\/"},"modified":"2025-07-12T05:34:10","modified_gmt":"2025-07-12T05:34:10","slug":"ce-que-revele-le-digital-news-report-2025-de-linstitut-reuters","status":"publish","type":"post","link":"https:\/\/www.europesays.com\/fr\/244190\/","title":{"rendered":"Ce que r\u00e9v\u00e8le le Digital News Report 2025 de l&rsquo;Institut Reuters"},"content":{"rendered":"<p>\n                                                L&rsquo;Institut Reuters, rattach\u00e9 \u00e0 l\u2019universit\u00e9 d\u2019Oxford, m\u00e8ne chaque ann\u00e9e une grande enqu\u00eate sur l\u2019\u00e9tat de l\u2019information dans le monde. Pour discuter de son \u00e9dition 2025, parue r\u00e9cemment,\u00a0L&rsquo;atelier des m\u00e9dias\u00a0re\u00e7oit la directrice de l\u2019\u00e9cole de journalisme de Sciences Po Paris,\u00a0Alice Antheaume\u00a0qui a supervis\u00e9 la partie fran\u00e7aise de cette \u00e9tude internationale.                    <\/p>\n<p>Le Reuters Institute publie chaque ann\u00e9e son <a target=\"_blank\" href=\"https:\/\/reutersinstitute.politics.ox.ac.uk\/sites\/default\/files\/2025-06\/Digital_News-Report_2025.pdf\" rel=\"nofollow noopener\"><strong>Digital News Report<\/strong><\/a>, rapport mondial sur l&rsquo;\u00e9tat de l&rsquo;information, une vaste enqu\u00eate men\u00e9e aupr\u00e8s de 100\u00a0000 personnes r\u00e9parties dans 48 pays.<\/p>\n<p>Les donn\u00e9es du rapport 2025 r\u00e9v\u00e8lent une poursuite de l&rsquo;exode des audiences des m\u00e9dias traditionnels vers les plateformes comme YouTube et les r\u00e9seaux sociaux. La t\u00e9l\u00e9vision poursuit sa baisse continue comme source d&rsquo;information. Les podcasts connaissent un dynamisme notable, offrant des \u00ab voix nouvelles dans des formats diff\u00e9rents \u00bb et s&rsquo;adressant davantage aux moins de 35 ans avec des formats \u00ab plus incarn\u00e9s \u00bb et moins li\u00e9s \u00e0 l&rsquo;actualit\u00e9 chaude.\u00a0<\/p>\n<p>La confiance dans les m\u00e9dias demeure \u00ab tr\u00e8s mitig\u00e9e \u00bb, la France se classant \u00e0 une d\u00e9cevante 41e position sur 48 pays, avec seulement 29\u00a0% des sond\u00e9s d\u00e9clarant une confiance satisfaisante. <a target=\"_blank\" href=\"https:\/\/www.linkedin.com\/in\/aliceantheaume\/\" rel=\"nofollow noopener\"><strong>Alice Antheaume<\/strong><\/a> explique ce faible score par un \u00ab mauvais esprit fran\u00e7ais \u00bb, culturellement m\u00e9fiant, et une \u00ab mauvaise compr\u00e9hension de ce qu&rsquo;est notre m\u00e9tier \u00bb de journaliste, le travail de v\u00e9rification \u00e9tant \u00ab sans doute mal saisi \u00bb. Cette d\u00e9fiance est fortement corr\u00e9l\u00e9e \u00e0 une crise de confiance plus globale envers les institutions.<\/p>\n<p>Concernant le paiement pour l&rsquo;information en ligne, la France affiche un faible taux de 11\u00a0%, un chiffre \u00ab stationnaire \u00bb depuis des ann\u00e9es. Pour Alice Antheaime, une des explications r\u00e9side dans une \u00ab mauvaise \u00e9ducation \u00bb \u00e0 la valeur de l&rsquo;information, le public ayant \u00e9t\u00e9 habitu\u00e9 \u00e0 l&rsquo;acc\u00e8s gratuit via internet. De fait, seuls 11% des Fran\u00e7ais d\u00e9clarent avoir re\u00e7u une \u00e9ducation \u00e0 l&rsquo;information, soit le plus mauvais score parmi les pays \u00e9tudi\u00e9s. Pour y rem\u00e9dier, Alice Antheaume insiste sur l&rsquo;importance de \u00ab nommer les choses \u00bb et d&rsquo;instaurer de la \u00ab r\u00e9currence \u00bb dans l&rsquo;\u00e9ducation aux m\u00e9dias et \u00e0 l&rsquo;information (EMI) dans les cursus scolaires.<\/p>\n<p>Face \u00e0 l&rsquo;\u00ab accablement \u00bb et l&rsquo;\u00ab impuissance \u00bb ressentis face aux nouvelles, 36\u00a0% des Fran\u00e7ais disent \u00e9viter activement l&rsquo;information. Dans ce paysage, de nouveaux acteurs tels que HugoD\u00e9crypte attirent les jeunes audiences, avec 22\u00a0% des moins de 35 ans en France qui consultent ses contenus. Ses formats sont qualifi\u00e9s de \u00ab tr\u00e8s p\u00e9dagogique \u00bb et aident \u00e0 une meilleure compr\u00e9hension d&rsquo;un monde complexe.<\/p>\n<p>Malgr\u00e9 une perception peu populaire et des conditions d&rsquo;exercice difficiles, le m\u00e9tier de journaliste conserve une\u00a0\u00ab attractivit\u00e9 folle \u00bb chez les jeunes, assure Alice Antheaume. Mais une \u00e9cole de journalisme comme celle de Sciences Po Paris doit s&rsquo;attacher \u00e0 former les \u00e9tudiants pour qu&rsquo;ils puissent \u00ab durer dans ce m\u00e9tier \u00bb, assure la directrice. La formation insiste sur le fact-checking, le reportage de terrain, et la compr\u00e9hension des grands enjeux mondiaux. L&rsquo;int\u00e9gration de l&rsquo;intelligence artificielle (IA) est \u00e9galement primordiale, avec des ateliers o\u00f9 les \u00e9tudiants \u00ab ont produit des prototypes pour des m\u00e9dias d\u00e9j\u00e0 install\u00e9s en int\u00e9grant et de l&rsquo;info et des outils d&rsquo;intelligence artificielle tout en se questionnant sur l&rsquo;\u00e9thique \u00bb.<\/p>\n<p>Abonnez-vous au podcast de \u00ab\u00a0L&rsquo;atelier des m\u00e9dias\u00a0\u00bb<\/p>\n<p><strong>L&rsquo;atelier des m\u00e9dias<\/strong> est disponible \u00e0 l\u2019\u00e9coute chaque samedi sur toutes les plateformes de podcasts\u00a0: <a href=\"https:\/\/podcasts.apple.com\/lu\/podcast\/atelier-des-m\u00e9dias\/id1500234487\" target=\"_blank\" rel=\"nofollow noopener\"><strong>Apple Podcasts<\/strong><\/a>, <a href=\"https:\/\/open.spotify.com\/show\/0hScPzrfrZ9VN93kifDI57\" target=\"_blank\" rel=\"nofollow noopener\"><strong>Spotify<\/strong><\/a>, <strong><a href=\"https:\/\/www.deezer.com\/fr\/show\/41735\" target=\"_blank\" rel=\"nofollow noopener\">Deezer<\/a><\/strong>, <a href=\"https:\/\/music.amazon.fr\/podcasts\/4f7e2f69-d408-4659-964b-d5715aa632d6\/atelier-des-m\u00e9dias\" target=\"_blank\" rel=\"nofollow noopener\"><strong>Amazon Music<\/strong><\/a>, <strong><a href=\"https:\/\/podcastaddict.com\/podcast\/2520725\" target=\"_blank\" rel=\"nofollow noopener\">Podcast Addict<\/a><\/strong>, <strong><a href=\"https:\/\/castbox.fm\/channel\/Atelier-des-m\u00e9dias-id57956?country=fr\" target=\"_blank\" rel=\"nofollow noopener\">Castbox<\/a><\/strong>, <a href=\"https:\/\/tunein.com\/podcasts\/French-Talk\/L-atelier-des-medias-p146462\/\" target=\"_blank\" rel=\"nofollow noopener\"><strong>Tune<\/strong> <strong>In<\/strong><\/a> ou toute autre application en utilisant le <a href=\"https:\/\/www.rfi.fr\/fr\/podcasts\/atelier-m\u00e9dias\/\" target=\"_self\" rel=\"nofollow noopener\"><strong>flux RSS<\/strong><\/a>.<\/p>\n<p>Si vous aimez cette \u00e9mission, mettez-lui 5\u00a0\u00e9toiles et postez un commentaire sur les applications d\u2019\u00e9coute de podcasts pour accro\u00eetre sa visibilit\u00e9 et donc son \u00e9coute.<\/p>\n","protected":false},"excerpt":{"rendered":"L&rsquo;Institut Reuters, rattach\u00e9 \u00e0 l\u2019universit\u00e9 d\u2019Oxford, m\u00e8ne chaque ann\u00e9e une grande enqu\u00eate sur l\u2019\u00e9tat de l\u2019information dans le&hellip;\n","protected":false},"author":2,"featured_media":244191,"comment_status":"","ping_status":"","sticky":false,"template":"","format":"standard","meta":{"footnotes":""},"categories":[1888],"tags":[1111,1928,11,1927,38393,251,25758,1777,674,1011,27,9877,500,12,1926,626,1925,25],"class_list":{"0":"post-244190","1":"post","2":"type-post","3":"status-publish","4":"format-standard","5":"has-post-thumbnail","7":"category-paris","8":"tag-actu","9":"tag-actu-paris","10":"tag-actualites","11":"tag-actualites-paris","12":"tag-atelier-des-medias","13":"tag-culture","14":"tag-education-aux-medias","15":"tag-eu","16":"tag-europe","17":"tag-fr","18":"tag-france","19":"tag-journalisme","20":"tag-medias","21":"tag-news","22":"tag-news-paris","23":"tag-paris","24":"tag-paris-news","25":"tag-republique-francaise"},"share_on_mastodon":{"url":"https:\/\/pubeurope.com\/@fr\/114838638683198529","error":""},"_links":{"self":[{"href":"https:\/\/www.europesays.com\/fr\/wp-json\/wp\/v2\/posts\/244190","targetHints":{"allow":["GET"]}}],"collection":[{"href":"https:\/\/www.europesays.com\/fr\/wp-json\/wp\/v2\/posts"}],"about":[{"href":"https:\/\/www.europesays.com\/fr\/wp-json\/wp\/v2\/types\/post"}],"author":[{"embeddable":true,"href":"https:\/\/www.europesays.com\/fr\/wp-json\/wp\/v2\/users\/2"}],"replies":[{"embeddable":true,"href":"https:\/\/www.europesays.com\/fr\/wp-json\/wp\/v2\/comments?post=244190"}],"version-history":[{"count":0,"href":"https:\/\/www.europesays.com\/fr\/wp-json\/wp\/v2\/posts\/244190\/revisions"}],"wp:featuredmedia":[{"embeddable":true,"href":"https:\/\/www.europesays.com\/fr\/wp-json\/wp\/v2\/media\/244191"}],"wp:attachment":[{"href":"https:\/\/www.europesays.com\/fr\/wp-json\/wp\/v2\/media?parent=244190"}],"wp:term":[{"taxonomy":"category","embeddable":true,"href":"https:\/\/www.europesays.com\/fr\/wp-json\/wp\/v2\/categories?post=244190"},{"taxonomy":"post_tag","embeddable":true,"href":"https:\/\/www.europesays.com\/fr\/wp-json\/wp\/v2\/tags?post=244190"}],"curies":[{"name":"wp","href":"https:\/\/api.w.org\/{rel}","templated":true}]}}