{"id":244194,"date":"2025-07-12T05:36:14","date_gmt":"2025-07-12T05:36:14","guid":{"rendered":"https:\/\/www.europesays.com\/fr\/244194\/"},"modified":"2025-07-12T05:36:14","modified_gmt":"2025-07-12T05:36:14","slug":"insense-de-rendre-son-appartement-lete-a-paris-la-haute-saison-de-la-sous-location-malgre-les-risques","status":"publish","type":"post","link":"https:\/\/www.europesays.com\/fr\/244194\/","title":{"rendered":"\u00ab\u00a0Insens\u00e9 de rendre son appartement l\u2019\u00e9t\u00e9\u00a0\u00bb\u00a0: \u00e0 Paris, la haute saison de la sous-location malgr\u00e9 les risques"},"content":{"rendered":"<p class=\"paragraph text_align_left lp-f-body-02\">Au pied de son immeuble, \u00e0 proximit\u00e9 de la gare Montparnasse, dans le XVe arrondissement de Paris, Louise (le pr\u00e9nom a \u00e9t\u00e9 modifi\u00e9) est cat\u00e9gorique : elle ne se voit pas passer l\u2019\u00e9t\u00e9 dans son studio de 20 m2. Cela tombe bien, son employeur l\u2019autorise \u00e0 t\u00e9l\u00e9travailler o\u00f9 elle veut en France pendant cette p\u00e9riode. Alors, pour cette jeune dipl\u00f4m\u00e9e de 24 ans \u00ab ce sera la Bretagne \u00bb.<\/p>\n<p class=\"paragraph text_align_left lp-f-body-02\">Seul souci : son appartement par cons\u00e9quent inoccup\u00e9 et le loyer qui tombe. \u00ab Je paye 850 euros par mois pour ce studio. M\u00eame si j\u2019ai un salaire, le sous-louer me permet de limiter les frais, tout en le gardant \u00bb, justifie l\u2019int\u00e9ress\u00e9e, qui retrouvera la capitale en septembre.<\/p>\n","protected":false},"excerpt":{"rendered":"Au pied de son immeuble, \u00e0 proximit\u00e9 de la gare Montparnasse, dans le XVe arrondissement de Paris, Louise&hellip;\n","protected":false},"author":2,"featured_media":244195,"comment_status":"","ping_status":"","sticky":false,"template":"","format":"standard","meta":{"footnotes":""},"categories":[1888],"tags":[11,1777,674,1011,27,1116,12,626,25],"class_list":{"0":"post-244194","1":"post","2":"type-post","3":"status-publish","4":"format-standard","5":"has-post-thumbnail","7":"category-paris","8":"tag-actualites","9":"tag-eu","10":"tag-europe","11":"tag-fr","12":"tag-france","13":"tag-immobilier","14":"tag-news","15":"tag-paris","16":"tag-republique-francaise"},"share_on_mastodon":{"url":"https:\/\/pubeurope.com\/@fr\/114838646478789262","error":""},"_links":{"self":[{"href":"https:\/\/www.europesays.com\/fr\/wp-json\/wp\/v2\/posts\/244194","targetHints":{"allow":["GET"]}}],"collection":[{"href":"https:\/\/www.europesays.com\/fr\/wp-json\/wp\/v2\/posts"}],"about":[{"href":"https:\/\/www.europesays.com\/fr\/wp-json\/wp\/v2\/types\/post"}],"author":[{"embeddable":true,"href":"https:\/\/www.europesays.com\/fr\/wp-json\/wp\/v2\/users\/2"}],"replies":[{"embeddable":true,"href":"https:\/\/www.europesays.com\/fr\/wp-json\/wp\/v2\/comments?post=244194"}],"version-history":[{"count":0,"href":"https:\/\/www.europesays.com\/fr\/wp-json\/wp\/v2\/posts\/244194\/revisions"}],"wp:featuredmedia":[{"embeddable":true,"href":"https:\/\/www.europesays.com\/fr\/wp-json\/wp\/v2\/media\/244195"}],"wp:attachment":[{"href":"https:\/\/www.europesays.com\/fr\/wp-json\/wp\/v2\/media?parent=244194"}],"wp:term":[{"taxonomy":"category","embeddable":true,"href":"https:\/\/www.europesays.com\/fr\/wp-json\/wp\/v2\/categories?post=244194"},{"taxonomy":"post_tag","embeddable":true,"href":"https:\/\/www.europesays.com\/fr\/wp-json\/wp\/v2\/tags?post=244194"}],"curies":[{"name":"wp","href":"https:\/\/api.w.org\/{rel}","templated":true}]}}