{"id":244204,"date":"2025-07-12T05:41:11","date_gmt":"2025-07-12T05:41:11","guid":{"rendered":"https:\/\/www.europesays.com\/fr\/244204\/"},"modified":"2025-07-12T05:41:11","modified_gmt":"2025-07-12T05:41:11","slug":"avec-lea-schuller-lallemagne-tient-sa-renarde","status":"publish","type":"post","link":"https:\/\/www.europesays.com\/fr\/244204\/","title":{"rendered":"avec Lea Sch\u00fcller, l&rsquo;Allemagne tient sa renarde"},"content":{"rendered":"<p>Qualifi\u00e9e pour les quarts de l\u2019Euro-2025 malgr\u00e9 un jeu poussif, l\u2019Allemagne s\u2019avance samedi vers le choc pour la premi\u00e8re place du groupe C face \u00e0 la Su\u00e8de avec une certitude: l\u2019efficacit\u00e9 hors normes de son avant-centre Lea Sch\u00fcller, longtemps dans l\u2019ombre d\u2019Alexandra Popp.<\/p>\n<p>\u00ab\u00a0Jamais je n\u2019ai approch\u00e9 un tel ratio de buts\u00a0\u00bb, reconnaissait mardi soir le s\u00e9lectionneur Christian W\u00fcck, lui m\u00eame ancien milieu offensif, \u00e0 propos des 54 r\u00e9alisations en 77 s\u00e9lections de sa N.11, dont d\u00e9j\u00e0 deux depuis le d\u00e9but de l\u2019Euro.<\/p>\n<p>Lea Sch\u00fcller, pourtant invisible pendant pr\u00e8s de 66 minutes face au Danemark, a surgi pour propulser dans le petit filet une offrande de la n\u00e9o-Lyonnaise Jule Brand, donnant aux Allemandes un avantage d\u00e9cisif (2-1).<\/p>\n<p>\u00ab\u00a0J\u2019\u00e9tais vraiment seule devant le but, tout ce que j\u2019avais \u00e0 faire \u00e9tait de pousser la balle dedans. C\u2019est une belle performance collective de l\u2019\u00e9quipe\u00a0\u00bb, avait humblement minimis\u00e9 l\u2019attaquante du Bayern Munich.<\/p>\n<p>Mais quatre jours plus t\u00f4t, avec la m\u00eame science du placement, \u00ab\u00a0Sch\u00fclli\u00a0\u00bb s\u2019\u00e9tait faufil\u00e9e devant deux Polonaises pour reprendre de la t\u00eate un centre de la m\u00eame Brand, exactement \u00e0 la m\u00eame minute, scellant le succ\u00e8s (2-0) des vice-championnes d\u2019Europe.<\/p>\n<p>\u00ab\u00a0Je ne sais pas ce qui se passe avec Lea. Je pense qu\u2019elle sent le moment o\u00f9 on veut la remplacer, marque rapidement un but et part\u00a0\u00bb, plaisantait W\u00fcck mardi, sugg\u00e9rant d\u2019avancer ce sc\u00e9nario d\u00e8s la premi\u00e8re p\u00e9riode.<\/p>\n<p>Premi\u00e8re place en jeu<\/p>\n<p>Plus s\u00e9rieusement, le Bavarois de 52 ans avait lou\u00e9 \u00ab\u00a0une buteuse comme toute \u00e9quipe en a besoin\u00a0\u00bb, renarde des surfaces dans la pure tradition allemande, celle du \u00ab\u00a0Bombardier\u00a0\u00bb Gerd M\u00fcller.<\/p>\n<p>Longtemps, Sch\u00fcller n\u2019a pourtant \u00e9t\u00e9 en s\u00e9lection que la doublure relativement anonyme de la l\u00e9gendaire Alexandra Popp, qui a referm\u00e9 avec le bronze des JO-2024 une carri\u00e8re internationale marqu\u00e9e par 67 buts en 145 s\u00e9lections.<\/p>\n<p>    <img decoding=\"async\" src=\"https:\/\/www.europesays.com\/fr\/wp-content\/uploads\/2025\/07\/2142911-l-attaquante-allemande-lea-schuller-reprend-le-bal.jpg\" alt=\"L'attaquante allemande Lea Sch\u00fcller reprend le ballon de la t\u00eate pour inscrire le deuxi\u00e8me but de son \u00e9quipe lors du match du groupe C de l'Euro f\u00e9minin 2025 entre l'Allemagne et la Pologne, \u00e0 l'Arena St.Gallen de Saint-Gall, le 4 juillet 2025.\"   class=\"article-media__image\" loading=\"lazy\" style=\"aspect-ratio:2048\/1365\"\/><\/p>\n<p>\n                    L&rsquo;attaquante allemande Lea Sch\u00fcller reprend le ballon de la t\u00eate pour inscrire le deuxi\u00e8me but de son \u00e9quipe lors du match du groupe C de l&rsquo;Euro f\u00e9minin 2025 entre l&rsquo;Allemagne et la Pologne, \u00e0 l&rsquo;Arena St.Gallen de Saint-Gall, le 4 juillet 2025.<\/p>\n<p>                            SEBASTIEN BOZON \/ AFP\/Archives<\/p>\n<p>Avec 0,70 but par match contre 0,46 pour Popp, Sch\u00fcller est d\u2019une efficacit\u00e9 encore plus redoutable, mais sans avoir la m\u00eame aura de leader, puisque le brassard est revenu \u00e0 la d\u00e9fenseuse centrale Janina Minge apr\u00e8s le forfait de la capitaine Giulia Gwinn, bless\u00e9e au genou gauche face \u00e0 la Pologne en d\u00e9but de comp\u00e9tition.<\/p>\n<p>Dans le jeu, la Rh\u00e9nane de 27 ans n\u2019a pas non plus s\u00e9duit les observateurs autant que les deux aili\u00e8res Jule Brand et Klara B\u00fchl, respectivement \u00e9lues par l\u2019UEFA meilleures joueuses du match contre la Pologne puis contre le Danemark. <\/p>\n<p>Mais pour disputer la premi\u00e8re place du groupe C \u00e0 une Su\u00e8de impressionnante, qui a domin\u00e9 le Danemark (1-0) puis la Pologne (3-0) gr\u00e2ce \u00e0 l\u2019intelligence de sa capitaine Kosovare Asllani et sa domination collective dans les airs, l\u2019Allemagne sait qu\u2019elle devra se montrer clinique.<\/p>\n<p>Et \u00e0 l\u2019heure d\u2019exploiter la plus petite munition, elle pourra compter sur Sch\u00fcller: \u00ab\u00a0se faire relativement discr\u00e8te, mais \u00eatre l\u00e0 quand il le faut pour marquer, c\u2019est exactement ce qui d\u00e9finit une buteuse\u00a0\u00bb, r\u00e9sume Christian W\u00fcck.<\/p>\n","protected":false},"excerpt":{"rendered":"Qualifi\u00e9e pour les quarts de l\u2019Euro-2025 malgr\u00e9 un jeu poussif, l\u2019Allemagne s\u2019avance samedi vers le choc pour la&hellip;\n","protected":false},"author":2,"featured_media":244205,"comment_status":"","ping_status":"","sticky":false,"template":"","format":"standard","meta":{"footnotes":""},"categories":[1587],"tags":[11,672,1804,1805,1803,1777,674,1801,12,1802],"class_list":{"0":"post-244204","1":"post","2":"type-post","3":"status-publish","4":"format-standard","5":"has-post-thumbnail","7":"category-allemagne","8":"tag-actualites","9":"tag-allemagne","10":"tag-bundesrepublik-deutschland","11":"tag-de","12":"tag-deutschland","13":"tag-eu","14":"tag-europe","15":"tag-germany","16":"tag-news","17":"tag-republique-federale-dallemagne"},"share_on_mastodon":{"url":"https:\/\/pubeurope.com\/@fr\/114838666164648224","error":""},"_links":{"self":[{"href":"https:\/\/www.europesays.com\/fr\/wp-json\/wp\/v2\/posts\/244204","targetHints":{"allow":["GET"]}}],"collection":[{"href":"https:\/\/www.europesays.com\/fr\/wp-json\/wp\/v2\/posts"}],"about":[{"href":"https:\/\/www.europesays.com\/fr\/wp-json\/wp\/v2\/types\/post"}],"author":[{"embeddable":true,"href":"https:\/\/www.europesays.com\/fr\/wp-json\/wp\/v2\/users\/2"}],"replies":[{"embeddable":true,"href":"https:\/\/www.europesays.com\/fr\/wp-json\/wp\/v2\/comments?post=244204"}],"version-history":[{"count":0,"href":"https:\/\/www.europesays.com\/fr\/wp-json\/wp\/v2\/posts\/244204\/revisions"}],"wp:featuredmedia":[{"embeddable":true,"href":"https:\/\/www.europesays.com\/fr\/wp-json\/wp\/v2\/media\/244205"}],"wp:attachment":[{"href":"https:\/\/www.europesays.com\/fr\/wp-json\/wp\/v2\/media?parent=244204"}],"wp:term":[{"taxonomy":"category","embeddable":true,"href":"https:\/\/www.europesays.com\/fr\/wp-json\/wp\/v2\/categories?post=244204"},{"taxonomy":"post_tag","embeddable":true,"href":"https:\/\/www.europesays.com\/fr\/wp-json\/wp\/v2\/tags?post=244204"}],"curies":[{"name":"wp","href":"https:\/\/api.w.org\/{rel}","templated":true}]}}